[{"@context":"https:\/\/schema.org\/","@type":"Article","@id":"https:\/\/www.protyna.cz\/zvolte-si-to-nejlepsi-do-kazdeho-pocasi\/#Article","mainEntityOfPage":"https:\/\/www.protyna.cz\/zvolte-si-to-nejlepsi-do-kazdeho-pocasi\/","headline":"Zvolte si to nejlep\u0161\u00ed do ka\u017ed\u00e9ho po\u010das\u00ed","name":"Zvolte si to nejlep\u0161\u00ed do ka\u017ed\u00e9ho po\u010das\u00ed","description":"\u010cesk\u00e9 po\u010das\u00ed je nevyzpytateln\u00e9. Setk\u00e1v\u00e1me se s \u0161\u00edlen\u00fdm horkem, de\u0161t\u011bm i velk\u00fdmi mrazy. Exteri\u00e9rov\u00e9 dopl\u0148ky domu proto mus\u00ed hodn\u011b vydr\u017eet,<p><a href=\"https:\/\/www.protyna.cz\/zvolte-si-to-nejlepsi-do-kazdeho-pocasi\/\" class=\"more-link\">P\u0159e\u010d\u00edst...<span class=\"screen-reader-text\">Zvolte si to nejlep\u0161\u00ed do ka\u017ed\u00e9ho po\u010das\u00ed<\/span><\/a><\/p>","datePublished":"2019-08-05","dateModified":"2023-05-31","author":{"@type":"Person","@id":"https:\/\/www.protyna.cz\/author\/#Person","name":"","url":"https:\/\/www.protyna.cz\/author\/","identifier":1,"image":{"@type":"ImageObject","@id":"https:\/\/secure.gravatar.com\/avatar\/c4e504508c75b610a351629e223ddd0c5b7858df84b2b7deedc4e007bdf99fc8?s=96&d=mm&r=g","url":"https:\/\/secure.gravatar.com\/avatar\/c4e504508c75b610a351629e223ddd0c5b7858df84b2b7deedc4e007bdf99fc8?s=96&d=mm&r=g","height":96,"width":96}},"publisher":{"@type":"Organization","name":"protyna.cz","logo":{"@type":"ImageObject","@id":"\/logo.png","url":"\/logo.png","width":600,"height":60}},"image":{"@type":"ImageObject","@id":"https:\/\/www.protyna.cz\/wp-content\/uploads\/img_a363828_w1936_t1576520764.jpg","url":"https:\/\/www.protyna.cz\/wp-content\/uploads\/img_a363828_w1936_t1576520764.jpg","height":0,"width":0},"url":"https:\/\/www.protyna.cz\/zvolte-si-to-nejlepsi-do-kazdeho-pocasi\/","about":["Kr\u00e1sa"],"wordCount":400,"articleBody":"       \u010cesk\u00e9  po\u010das\u00ed je  nevyzpytateln\u00e9. Setk\u00e1v\u00e1me se s \u0161\u00edlen\u00fdm horkem, de\u0161t\u011bm i velk\u00fdmi mrazy. Exteri\u00e9rov\u00e9 dopl\u0148ky domu proto mus\u00ed hodn\u011b vydr\u017eet, a to za jak\u00e9hokoli po\u010das\u00ed a teplot. Z\u00e1bradl\u00ed na balkon od K.M.K. Design jsou r\u016fzn\u00fdch proveden\u00edch a kombinovat je m\u016f\u017eete tak\u00e9 podle sv\u00e9ho. V\u0161e je navrhov\u00e1no individu\u00e1ln\u011b p\u0159esn\u011b pro v\u00e1s podle osobn\u00edch po\u017eadavk\u016f a p\u0159\u00e1n\u00ed. Po\u010d\u00edtat mus\u00edte s t\u00edm, \u017ee na exteri\u00e9rov\u00e9 z\u00e1bradl\u00ed je kladen mnohem v\u011bt\u0161\u00ed d\u016fraz, a i drobn\u00fd detail m\u016f\u017ee rozhodnout o tom, jak moc a jak dlouho s n\u00edm budete spokojeni. Koneckonc\u016f jsou to pr\u00e1v\u011b detaily, kter\u00e9 rozhoduj\u00ed o celkov\u00e9m vzhledu objektu. Obecn\u011b si m\u016f\u017eete vyb\u00edrat ze t\u0159\u00ed materi\u00e1l\u016f, a to: nerezov\u00e1 ocel, d\u0159evo, sklo. Nerez na prvn\u00edm m\u00edst\u011b Nerezov\u00e1 kart\u00e1\u010dovan\u00e1 ocel se vyu\u017e\u00edv\u00e1 nej\u010dast\u011bji, proto\u017ee je nejodoln\u011bj\u0161\u00ed a bez\u00fadr\u017ebov\u00e1. Budete-li cht\u00edt ze stejn\u00e9ho materi\u00e1lu i v\u00fdpl\u0148, m\u00e1te mo\u017enost ty\u010dov\u00e9 \u010di lankov\u00e9 varianty, anebo nerezov\u00fd plech. Toto se ov\u0161em nemus\u00ed hodit k celkov\u00e9mu vzhledu domu. Proto jej m\u016f\u017eete kombinovat nap\u0159. s d\u0159ev\u011bn\u00fdmi, sklen\u011bn\u00fdmi nebo akryl\u00e1tov\u00fdmi madly. P\u0159\u00edroda na ka\u017ed\u00e9m kroku V p\u0159\u00edpad\u011b d\u0159ev\u011bn\u00fdch variant se vyu\u017e\u00edv\u00e1 kvalitn\u00edho, pomalu rostouc\u00edho d\u0159eva z chladn\u011bj\u0161\u00edch podneb\u00ed jako je Skandin\u00e1vie. Ide\u00e1ln\u00ed \u00fapravou je samoz\u0159ejm\u011b mo\u0159en\u00ed a lakov\u00e1n\u00ed, kter\u00e9 d\u0159evo zakonzervuje. Z\u00e1rove\u0148 t\u00edmto zp\u016fsobem budete moci dos\u00e1hnout barvy, kter\u00e1 bude ide\u00e1ln\u00ed pro konkr\u00e9tn\u00ed fas\u00e1du. Kdy\u017e konstrukci opat\u0159\u00edte lakem s UV filtrem, nebudete muset myslet ani na oxidaci barev.  \u010cist\u00e1 elegance Posledn\u00ed dobou se sklo stalo ned\u00edlnou sou\u010d\u00e1st\u00ed interi\u00e9r\u016f, ale celosklen\u011bn\u00e1 z\u00e1bradl\u00ed m\u016f\u017eeme naj\u00edt i na balkonech, teras\u00e1ch a u francouzsk\u00fdch oken. Jejich v\u00fdhodou je modern\u00ed vzhled a vysok\u00e1 kvalita. P\u0159i v\u00fdrob\u011b se pou\u017e\u00edv\u00e1 tvrzen\u00e9 sklo s vnit\u0159n\u00ed f\u00f3li\u00ed, kter\u00e9 vydr\u017e\u00ed i v\u011bt\u0161\u00ed n\u00e1razy a p\u0159i rozbit\u00ed se nerozt\u0159\u00ed\u0161t\u00ed. Je tak vhodn\u00e9 do v\u0161ech objekt\u016f, a to do firem i rodinn\u00fdch domk\u016f.                                                                                                                                                                                                                                                                                                                                                                                          4.4\/5 - (7 votes)        "},{"@context":"https:\/\/schema.org\/","@type":"BreadcrumbList","itemListElement":[{"@type":"ListItem","position":1,"name":"Zvolte si to nejlep\u0161\u00ed do ka\u017ed\u00e9ho po\u010das\u00ed","item":"https:\/\/www.protyna.cz\/zvolte-si-to-nejlepsi-do-kazdeho-pocasi\/#breadcrumbitem"}]}]