[{"@context":"https:\/\/schema.org\/","@type":"Article","@id":"https:\/\/www.protyna.cz\/zvladnete-nastup-do-skolky-s-usmevem\/#Article","mainEntityOfPage":"https:\/\/www.protyna.cz\/zvladnete-nastup-do-skolky-s-usmevem\/","headline":"Zvl\u00e1dn\u011bte n\u00e1stup do \u0161kolky s \u00fasm\u011bvem!","name":"Zvl\u00e1dn\u011bte n\u00e1stup do \u0161kolky s \u00fasm\u011bvem!","description":"Ka\u017ed\u00fd rodi\u010d se d\u011bs\u00ed sc\u00e9n, kdy mu jeho d\u00edtko bude r\u00e1no po p\u0159\u00edchodu do budovy \u0161kolky viset na krku, ani<p><a href=\"https:\/\/www.protyna.cz\/zvladnete-nastup-do-skolky-s-usmevem\/\" class=\"more-link\">P\u0159e\u010d\u00edst...<span class=\"screen-reader-text\">Zvl\u00e1dn\u011bte n\u00e1stup do \u0161kolky s \u00fasm\u011bvem!<\/span><\/a><\/p>","datePublished":"2020-10-09","dateModified":"2023-05-31","author":{"@type":"Person","@id":"https:\/\/www.protyna.cz\/author\/#Person","name":"","url":"https:\/\/www.protyna.cz\/author\/","identifier":1,"image":{"@type":"ImageObject","@id":"https:\/\/secure.gravatar.com\/avatar\/c4e504508c75b610a351629e223ddd0c5b7858df84b2b7deedc4e007bdf99fc8?s=96&d=mm&r=g","url":"https:\/\/secure.gravatar.com\/avatar\/c4e504508c75b610a351629e223ddd0c5b7858df84b2b7deedc4e007bdf99fc8?s=96&d=mm&r=g","height":96,"width":96}},"publisher":{"@type":"Organization","name":"protyna.cz","logo":{"@type":"ImageObject","@id":"\/logo.png","url":"\/logo.png","width":600,"height":60}},"image":{"@type":"ImageObject","@id":"https:\/\/www.protyna.cz\/wp-content\/uploads\/img_a310913_w1745_t1521836824.jpg","url":"https:\/\/www.protyna.cz\/wp-content\/uploads\/img_a310913_w1745_t1521836824.jpg","height":0,"width":0},"url":"https:\/\/www.protyna.cz\/zvladnete-nastup-do-skolky-s-usmevem\/","wordCount":494,"articleBody":"Ka\u017ed\u00fd rodi\u010d se d\u011bs\u00ed sc\u00e9n, kdy mu jeho d\u00edtko bude r\u00e1no po p\u0159\u00edchodu do budovy \u0161kolky viset na krku, ani za Boha se nebude cht\u00edt pustit a bude ho s usedav\u00fdm pl\u00e1\u010dem \u010di hysterick\u00fdm \u0159evem p\u0159esv\u011bd\u010dovat o tom, aby jej do t\u00e9 \u201ehrozn\u00e9\u201c \u0161kolky ned\u00e1val a vzal ho zp\u00e1tky s sebou dom\u016f. Pak se na sc\u00e9n\u011b pravd\u011bpodobn\u011b objev\u00ed u\u010ditelka z mate\u0159sk\u00e9 \u0161kolky, kter\u00e1 za\u010dne d\u00edt\u011b i V\u00e1s p\u0159esv\u011bd\u010dovat o tom, \u017ee v\u0161e bude v po\u0159\u00e1dku, \u017ee m\u016f\u017eete jako rodi\u010d \u201eklidn\u011b\u201c odej\u00edt, \u017ee se d\u00edt\u011b brzy uklidn\u00ed. A ve v\u011bt\u0161in\u011b p\u0159\u00edpad\u016f m\u00e1 skute\u010dn\u011b pravdu.&#13; Prvn\u00ed velk\u00e1 \u017eivotn\u00ed zm\u011bna&#13; Pro d\u011bti je n\u00e1stup do \u0161kolky v\u011bt\u0161inou nejv\u011bt\u0161\u00ed zm\u011bnou v jejich dosavadn\u00edm poklidn\u00e9m \u017eivot\u011b s maminkou. Najednou se ocit\u00e1 mezi mnoha ciz\u00edmi d\u011btmi a ciz\u00edmi dosp\u011bl\u00fdmi a c\u00edt\u00ed zkr\u00e1tka strach a \u00fazkost. Nen\u00ed divu, \u017ee v\u011bt\u0161ina d\u011bt\u00ed v takov\u00fdchto okam\u017eic\u00edch pl\u00e1\u010de. V\u011bt\u0161ina \u0161kolek nab\u00edz\u00ed rodi\u010d\u016fm mo\u017enost, jak d\u00edt\u011b postupn\u011b na chozen\u00ed do \u0161koly navyknout. Prvn\u00ed den b\u00fdv\u00e1 d\u00edt\u011b ve \u0161kolce jen t\u0159eba dv\u011b hodiny a m\u016f\u017ee tam b\u00fdt i s rodi\u010di. V n\u00e1sleduj\u00edc\u00edch dnech se bude jeho pobyt zde postupn\u011b prodlu\u017eovat a samoz\u0159ejm\u011b zde bude bez rodi\u010d\u016f. Je dobr\u00e9, pokud si ho v prvn\u00edch dnech m\u016f\u017eete dom\u016f br\u00e1t po ob\u011bd\u011b.&#13; Je d\u016fle\u017eit\u00e9, abyste si jako rodi\u010de byli sv\u00fdm rozhodnut\u00edm jist\u00ed, pokud d\u00edt\u011b vyc\u00edt\u00ed Va\u0161\u00ed nejistotu a pochybnosti o spr\u00e1vnosti tohoto kroku, sp\u00ed\u0161e V\u00e1m bude najevo d\u00e1vat svou nespokojenost. Bude se c\u00edtit nejist\u00e9. Bu\u010fte trp\u011bliv\u00fd a ur\u010dit\u011b i vy se p\u0159es po\u010d\u00e1te\u010dn\u00ed nep\u0159\u00edjemn\u00e9 okam\u017eiky p\u0159enesete a d\u00edt\u011b bude brzy ve \u0161kolce spokojen\u00e9.&#13; Vytrvejte a vysv\u011btlujte!&#13; P\u0159ipravte se na to, \u017ee mo\u017en\u00e1 n\u011bkolik dn\u00ed budete st\u00e1le do kola sl\u00fdchat v\u011btu: \u201eMami, j\u00e1 nechci do \u0161kolky!\u201c Nezlobte se proto na d\u00edt\u011b, mluvte s n\u00edm o \u0161kolce, zeptejte se ho na d\u016fvody, pro\u010d do \u0161kolky nechce. Vysv\u011btlete mu, \u017ee tam chod\u00ed proto\u017ee, vy mus\u00edte vyd\u011blat korunky. Ujist\u011bte ho, \u017ee si ho v\u017edy zase vyzvednete. Nikdy d\u00edt\u011bti \u0161kolkou nevyhro\u017eujte. \u0160kolka p\u0159ece nen\u00ed za trest! Sp\u00ed\u0161 zkuste d\u00edt\u011bti nab\u00eddnout, \u017ee si do \u0161kolky m\u016f\u017ee vz\u00edt svou obl\u00edbenou hra\u010dku, nebo mu nab\u00eddn\u011bte drobnou odm\u011bnu za to, kdy\u017e bude ve \u0161kolce hodn\u00e9. D\u00edt\u011b chvalte a jist\u011b se brzy do\u010dk\u00e1te okam\u017eiku, kdy d\u00edt\u011b \u0159ekne, \u017ee se do \u0161kolky t\u011b\u0161\u00ed!                                                                                                                                                                                                                                                                                                                                                                                        4.6\/5 - (18 votes)        "},{"@context":"https:\/\/schema.org\/","@type":"BreadcrumbList","itemListElement":[{"@type":"ListItem","position":1,"name":"Zvl\u00e1dn\u011bte n\u00e1stup do \u0161kolky s \u00fasm\u011bvem!","item":"https:\/\/www.protyna.cz\/zvladnete-nastup-do-skolky-s-usmevem\/#breadcrumbitem"}]}]