[{"@context":"https:\/\/schema.org\/","@type":"Article","@id":"https:\/\/www.protyna.cz\/zadluzeni-nemocnic-v-cechach-roste\/#Article","mainEntityOfPage":"https:\/\/www.protyna.cz\/zadluzeni-nemocnic-v-cechach-roste\/","headline":"Zadlu\u017een\u00ed nemocnic v \u010cech\u00e1ch roste","name":"Zadlu\u017een\u00ed nemocnic v \u010cech\u00e1ch roste","description":"Rozhodnut\u00ed vl\u00e1dy o zv\u00fd\u0161en\u00ed platu zdravotnick\u00e9ho person\u00e1lu z konce roku 2018 d\u011blaj\u00ed nemocnic\u00edm velkou paseku ve financ\u00edch. Pen\u00edze pro l\u00e9ka\u0159e<p><a href=\"https:\/\/www.protyna.cz\/zadluzeni-nemocnic-v-cechach-roste\/\" class=\"more-link\">P\u0159e\u010d\u00edst...<span class=\"screen-reader-text\">Zadlu\u017een\u00ed nemocnic v \u010cech\u00e1ch roste<\/span><\/a><\/p>","datePublished":"2019-06-11","dateModified":"2023-05-31","author":{"@type":"Person","@id":"https:\/\/www.protyna.cz\/author\/#Person","name":"","url":"https:\/\/www.protyna.cz\/author\/","identifier":1,"image":{"@type":"ImageObject","@id":"https:\/\/secure.gravatar.com\/avatar\/c4e504508c75b610a351629e223ddd0c5b7858df84b2b7deedc4e007bdf99fc8?s=96&d=mm&r=g","url":"https:\/\/secure.gravatar.com\/avatar\/c4e504508c75b610a351629e223ddd0c5b7858df84b2b7deedc4e007bdf99fc8?s=96&d=mm&r=g","height":96,"width":96}},"publisher":{"@type":"Organization","name":"protyna.cz","logo":{"@type":"ImageObject","@id":"\/logo.png","url":"\/logo.png","width":600,"height":60}},"image":{"@type":"ImageObject","@id":"https:\/\/www.protyna.cz\/wp-content\/uploads\/img_a347018_w2332_t1561230444.png","url":"https:\/\/www.protyna.cz\/wp-content\/uploads\/img_a347018_w2332_t1561230444.png","height":0,"width":0},"url":"https:\/\/www.protyna.cz\/zadluzeni-nemocnic-v-cechach-roste\/","about":["Finance"],"wordCount":407,"articleBody":"Rozhodnut\u00ed vl\u00e1dy o zv\u00fd\u0161en\u00ed platu zdravotnick\u00e9ho person\u00e1lu z konce roku 2018 d\u011blaj\u00ed nemocnic\u00edm velkou paseku ve financ\u00edch. Pen\u00edze pro l\u00e9ka\u0159e a pro zdravotnick\u00fd person\u00e1l toti\u017e nejdou ze st\u00e1tn\u00edho rozpo\u010dtu, ale ze zdravotn\u00edho poji\u0161t\u011bn\u00ed. Bohu\u017eel dohoda o financ\u00edch, kter\u00e9 po\u0161lou pen\u00edze nemocnic\u00edm, byla podeps\u00e1na v lo\u0148sk\u00e9m roce ji\u017e v pr\u016fb\u011bhu \u010dervna.&#13; Zdravotnick\u00e1 za\u0159\u00edzen\u00ed tak kv\u016fli rozd\u00edlu mezi p\u0159\u00edchoz\u00edmi pen\u011bzi a vypl\u00e1cen\u00fdmi mzdami mus\u00ed sahat d sv\u00fdch rezerv. Fakultn\u00edm nemocnic\u00edm tak v leto\u0161n\u00edm roce podle Lidov\u00fdch novin vzroste vnit\u0159n\u00ed dluh o 1,9 miliardy korun.&#13; &#13; Asociace \u010desk\u00fdch a moravsk\u00fdch nemocnic, kter\u00e1 sdru\u017euje pr\u00e1v\u011b zase men\u0161\u00ed zdravotnick\u00e1 za\u0159\u00edzen\u00ed hl\u00e1s\u00ed, \u017ee propad se odhaduje na cel\u00e9 dv\u011b miliardy korun.&#13; Podle pl\u00e1n\u016f by se tarifn\u00ed platy v leto\u0161n\u00edm roce u sester, sanit\u00e1\u0159\u016f a mlad\u00fdch l\u00e9ka\u0159\u016f m\u011bly zvednout a\u017e o sedm procent. Zv\u00fd\u0161en\u00ed jednotliv\u00fdch plat\u016f by tak m\u011blo b\u00fdt p\u0159ibli\u017en\u011b o dva tis\u00edce korun m\u011bs\u00ed\u010dn\u011b, u l\u00e9ka\u0159\u016f na za\u010d\u00e1tku kari\u00e9ry pak o dva a p\u016fl tis\u00edce korun. Z uveden\u00fdch informac\u00ed tak\u00e9 vypl\u00fdv\u00e1, \u017ee od 14. t\u0159\u00eddy, tedy kvalifikovan\u00fdm l\u00e9ka\u0159\u016fm, by m\u011bl plat nar\u016fst a\u017e o 2 procenta.&#13; Pokud by m\u011blo prob\u011bhnout dal\u0161\u00ed zvy\u0161ov\u00e1n\u00ed mezd, budou nemocnice po\u017eadovat, aby se tak\u00e9, proti p\u016fvodn\u00ed dohod\u011b, zvedly \u00fahrady od poji\u0161\u0165oven. D\u00edky siln\u00e9 \u010desk\u00e9 ekonomice se finance ve ve\u0159ejn\u00e9m zdravotn\u00edm poji\u0161t\u011bn\u00ed nach\u00e1zej\u00ed a jen se hromad\u00ed na \u00fa\u010dtech poji\u0161\u0165oven. Dle zdroj\u016f je to nyn\u00ed p\u0159es pades\u00e1t miliard korun.&#13; &#13; Poji\u0161\u0165ovny, co\u017e potvrzuje sd\u011blen\u00ed nap\u0159\u00edklad VZP, s rozpou\u0161t\u011bn\u00edm \u010d\u00e1sti rezerv nesouhlas\u00ed, proto\u017ee jsou zast\u00e1nci toho, \u017ee hrad\u00ed v\u00fdhradn\u011b zdravotn\u00ed p\u00e9\u010di, nikoli mzdy zam\u011bstnanc\u016f. Podle VZP se jedn\u00e1 o bal\u00edk prost\u0159edk\u016f, kter\u00fd se vytv\u00e1\u0159\u00ed na z\u00e1klad\u011b odhadu cen l\u00e9k\u016f, materi\u00e1l\u016f, p\u0159\u00edstroj\u016f a energi\u00ed. Pokud v\u0161ak takov\u00e9 ceny klesaj\u00ed, nemocnice pak vytv\u00e1\u0159\u00ed naopak zisk.&#13; VZP tak\u00e9 p\u0159ipou\u0161t\u00ed, \u017ee rozhodnut\u00ed vl\u00e1dy nemocnice zat\u00ed\u017eilo v\u00edce, ne\u017e je \u00fanosn\u00e9, i kdy\u017e se nechce pod\u00edlet na \u0159e\u0161en\u00ed t\u00e9to situace.&#13;                                                                                                                                                                                                                                                                                                                                                                                         4.4\/5 - (7 votes)        "},{"@context":"https:\/\/schema.org\/","@type":"BreadcrumbList","itemListElement":[{"@type":"ListItem","position":1,"name":"Zadlu\u017een\u00ed nemocnic v \u010cech\u00e1ch roste","item":"https:\/\/www.protyna.cz\/zadluzeni-nemocnic-v-cechach-roste\/#breadcrumbitem"}]}]