{"@context":"https:\/\/schema.org\/","@type":"CollectionPage","@id":"https:\/\/www.protyna.cz\/vyrobky\/#CollectionPage","headline":"V\u00fdrobky Category","description":"","url":"https:\/\/www.protyna.cz\/vyrobky\/","hasPart":[{"@type":"Article","@id":"https:\/\/www.protyna.cz\/lahodny-napoj-caj\/","headline":"Lahodn\u00fd n\u00e1poj: \u010daj","url":"https:\/\/www.protyna.cz\/lahodny-napoj-caj\/","datePublished":"2020-10-18","dateModified":"2023-05-31","mainEntityOfPage":"https:\/\/www.protyna.cz\/lahodny-napoj-caj\/","author":{"@type":"Person","@id":"https:\/\/www.protyna.cz\/author\/#Person","name":"","url":"https:\/\/www.protyna.cz\/author\/","identifier":1,"image":{"@type":"ImageObject","@id":"https:\/\/secure.gravatar.com\/avatar\/c4e504508c75b610a351629e223ddd0c5b7858df84b2b7deedc4e007bdf99fc8?s=96&d=mm&r=g","url":"https:\/\/secure.gravatar.com\/avatar\/c4e504508c75b610a351629e223ddd0c5b7858df84b2b7deedc4e007bdf99fc8?s=96&d=mm&r=g","height":96,"width":96}},"publisher":{"@type":"Organization","name":"protyna.cz","logo":{"@type":"ImageObject","@id":"\/logo.png","url":"\/logo.png","width":600,"height":60}},"image":null,"keywords":null},{"@type":"Article","@id":"https:\/\/www.protyna.cz\/3d-prani-k-narozeninam\/","headline":"3D p\u0159\u00e1n\u00ed k narozenin\u00e1m","url":"https:\/\/www.protyna.cz\/3d-prani-k-narozeninam\/","datePublished":"2020-10-13","dateModified":"2023-09-01","mainEntityOfPage":"https:\/\/www.protyna.cz\/3d-prani-k-narozeninam\/","author":{"@type":"Person","@id":"https:\/\/www.protyna.cz\/author\/#Person","name":"","url":"https:\/\/www.protyna.cz\/author\/","identifier":1,"image":{"@type":"ImageObject","@id":"https:\/\/secure.gravatar.com\/avatar\/c4e504508c75b610a351629e223ddd0c5b7858df84b2b7deedc4e007bdf99fc8?s=96&d=mm&r=g","url":"https:\/\/secure.gravatar.com\/avatar\/c4e504508c75b610a351629e223ddd0c5b7858df84b2b7deedc4e007bdf99fc8?s=96&d=mm&r=g","height":96,"width":96}},"publisher":{"@type":"Organization","name":"protyna.cz","logo":{"@type":"ImageObject","@id":"\/logo.png","url":"\/logo.png","width":600,"height":60}},"image":{"@type":"ImageObject","@id":"https:\/\/www.protyna.cz\/wp-content\/uploads\/p%C5%99%C3%A1n%C3%AD%20k%20narozenin%C3%A1m.png","url":"https:\/\/www.protyna.cz\/wp-content\/uploads\/p%C5%99%C3%A1n%C3%AD%20k%20narozenin%C3%A1m.png","height":0,"width":0},"keywords":null},{"@type":"Article","@id":"https:\/\/www.protyna.cz\/co-vime-o-vine\/","headline":"Co v\u00edme o v\u00edn\u011b?","url":"https:\/\/www.protyna.cz\/co-vime-o-vine\/","datePublished":"2020-10-05","dateModified":"2023-05-31","mainEntityOfPage":"https:\/\/www.protyna.cz\/co-vime-o-vine\/","author":{"@type":"Person","@id":"https:\/\/www.protyna.cz\/author\/#Person","name":"","url":"https:\/\/www.protyna.cz\/author\/","identifier":1,"image":{"@type":"ImageObject","@id":"https:\/\/secure.gravatar.com\/avatar\/c4e504508c75b610a351629e223ddd0c5b7858df84b2b7deedc4e007bdf99fc8?s=96&d=mm&r=g","url":"https:\/\/secure.gravatar.com\/avatar\/c4e504508c75b610a351629e223ddd0c5b7858df84b2b7deedc4e007bdf99fc8?s=96&d=mm&r=g","height":96,"width":96}},"publisher":{"@type":"Organization","name":"protyna.cz","logo":{"@type":"ImageObject","@id":"\/logo.png","url":"\/logo.png","width":600,"height":60}},"image":{"@type":"ImageObject","@id":"https:\/\/www.protyna.cz\/wp-content\/uploads\/img_a295297_w1987_t1506774691.jpg","url":"https:\/\/www.protyna.cz\/wp-content\/uploads\/img_a295297_w1987_t1506774691.jpg","height":0,"width":0},"keywords":null},{"@type":"Article","@id":"https:\/\/www.protyna.cz\/pomoci-jakych-produktu-na-akne\/","headline":"Pomoc\u00ed jak\u00fdch produkt\u016f na akn\u00e9?","url":"https:\/\/www.protyna.cz\/pomoci-jakych-produktu-na-akne\/","datePublished":"2020-09-03","dateModified":"2023-05-31","mainEntityOfPage":"https:\/\/www.protyna.cz\/pomoci-jakych-produktu-na-akne\/","author":{"@type":"Person","@id":"https:\/\/www.protyna.cz\/author\/#Person","name":"","url":"https:\/\/www.protyna.cz\/author\/","identifier":1,"image":{"@type":"ImageObject","@id":"https:\/\/secure.gravatar.com\/avatar\/c4e504508c75b610a351629e223ddd0c5b7858df84b2b7deedc4e007bdf99fc8?s=96&d=mm&r=g","url":"https:\/\/secure.gravatar.com\/avatar\/c4e504508c75b610a351629e223ddd0c5b7858df84b2b7deedc4e007bdf99fc8?s=96&d=mm&r=g","height":96,"width":96}},"publisher":{"@type":"Organization","name":"protyna.cz","logo":{"@type":"ImageObject","@id":"\/logo.png","url":"\/logo.png","width":600,"height":60}},"image":{"@type":"ImageObject","@id":"https:\/\/www.protyna.cz\/wp-content\/uploads\/img_a316407_w2024_t1527406004.jpg","url":"https:\/\/www.protyna.cz\/wp-content\/uploads\/img_a316407_w2024_t1527406004.jpg","height":0,"width":0},"keywords":null},{"@type":"Article","@id":"https:\/\/www.protyna.cz\/vapnik-a-horcik-v-bazenove-vode\/","headline":"V\u00e1pn\u00edk a ho\u0159\u010d\u00edk v baz\u00e9nov\u00e9 vod\u011b","url":"https:\/\/www.protyna.cz\/vapnik-a-horcik-v-bazenove-vode\/","datePublished":"2020-08-08","dateModified":"2023-05-31","mainEntityOfPage":"https:\/\/www.protyna.cz\/vapnik-a-horcik-v-bazenove-vode\/","author":{"@type":"Person","@id":"https:\/\/www.protyna.cz\/author\/#Person","name":"","url":"https:\/\/www.protyna.cz\/author\/","identifier":1,"image":{"@type":"ImageObject","@id":"https:\/\/secure.gravatar.com\/avatar\/c4e504508c75b610a351629e223ddd0c5b7858df84b2b7deedc4e007bdf99fc8?s=96&d=mm&r=g","url":"https:\/\/secure.gravatar.com\/avatar\/c4e504508c75b610a351629e223ddd0c5b7858df84b2b7deedc4e007bdf99fc8?s=96&d=mm&r=g","height":96,"width":96}},"publisher":{"@type":"Organization","name":"protyna.cz","logo":{"@type":"ImageObject","@id":"\/logo.png","url":"\/logo.png","width":600,"height":60}},"image":{"@type":"ImageObject","@id":"https:\/\/www.protyna.cz\/wp-content\/uploads\/%C5%BEena%20a%20plav%C3%A1n%C3%AD.png","url":"https:\/\/www.protyna.cz\/wp-content\/uploads\/%C5%BEena%20a%20plav%C3%A1n%C3%AD.png","height":0,"width":0},"keywords":null},{"@type":"Article","@id":"https:\/\/www.protyna.cz\/nikdy-by-se-jidlem-nemely-resit-problemy\/","headline":"Nikdy by se j\u00eddlem nem\u011bly \u0159e\u0161it probl\u00e9my","url":"https:\/\/www.protyna.cz\/nikdy-by-se-jidlem-nemely-resit-problemy\/","datePublished":"2020-05-15","dateModified":"2023-10-12","mainEntityOfPage":"https:\/\/www.protyna.cz\/nikdy-by-se-jidlem-nemely-resit-problemy\/","author":{"@type":"Person","@id":"https:\/\/www.protyna.cz\/author\/#Person","name":"","url":"https:\/\/www.protyna.cz\/author\/","identifier":1,"image":{"@type":"ImageObject","@id":"https:\/\/secure.gravatar.com\/avatar\/c4e504508c75b610a351629e223ddd0c5b7858df84b2b7deedc4e007bdf99fc8?s=96&d=mm&r=g","url":"https:\/\/secure.gravatar.com\/avatar\/c4e504508c75b610a351629e223ddd0c5b7858df84b2b7deedc4e007bdf99fc8?s=96&d=mm&r=g","height":96,"width":96}},"publisher":{"@type":"Organization","name":"protyna.cz","logo":{"@type":"ImageObject","@id":"\/logo.png","url":"\/logo.png","width":600,"height":60}},"image":{"@type":"ImageObject","@id":"https:\/\/www.protyna.cz\/wp-content\/uploads\/tablety%20j%C3%ADdlo.jpg","url":"https:\/\/www.protyna.cz\/wp-content\/uploads\/tablety%20j%C3%ADdlo.jpg","height":0,"width":0},"keywords":null},{"@type":"Article","@id":"https:\/\/www.protyna.cz\/pecujte-o-bazen-diky-chemii\/","headline":"Pe\u010dujte o baz\u00e9n d\u00edky chemi\u00ed","url":"https:\/\/www.protyna.cz\/pecujte-o-bazen-diky-chemii\/","datePublished":"2020-01-18","dateModified":"2024-04-10","mainEntityOfPage":"https:\/\/www.protyna.cz\/pecujte-o-bazen-diky-chemii\/","author":{"@type":"Person","@id":"https:\/\/www.protyna.cz\/author\/#Person","name":"","url":"https:\/\/www.protyna.cz\/author\/","identifier":1,"image":{"@type":"ImageObject","@id":"https:\/\/secure.gravatar.com\/avatar\/c4e504508c75b610a351629e223ddd0c5b7858df84b2b7deedc4e007bdf99fc8?s=96&d=mm&r=g","url":"https:\/\/secure.gravatar.com\/avatar\/c4e504508c75b610a351629e223ddd0c5b7858df84b2b7deedc4e007bdf99fc8?s=96&d=mm&r=g","height":96,"width":96}},"publisher":{"@type":"Organization","name":"protyna.cz","logo":{"@type":"ImageObject","@id":"\/logo.png","url":"\/logo.png","width":600,"height":60}},"image":{"@type":"ImageObject","@id":"https:\/\/www.protyna.cz\/wp-content\/uploads\/img_a351871_w1742_t1566418183.jpg","url":"https:\/\/www.protyna.cz\/wp-content\/uploads\/img_a351871_w1742_t1566418183.jpg","height":0,"width":0},"keywords":null},{"@type":"Article","@id":"https:\/\/www.protyna.cz\/v-miskach-a-sklenicich-na-kliceni-vzejdou-semena-i-zacatecnikum\/","headline":"V misk\u00e1ch a sklenic\u00edch na kl\u00ed\u010den\u00ed vzejdou semena i za\u010d\u00e1te\u010dn\u00edk\u016fm","url":"https:\/\/www.protyna.cz\/v-miskach-a-sklenicich-na-kliceni-vzejdou-semena-i-zacatecnikum\/","datePublished":"2019-05-05","dateModified":"2023-05-31","mainEntityOfPage":"https:\/\/www.protyna.cz\/v-miskach-a-sklenicich-na-kliceni-vzejdou-semena-i-zacatecnikum\/","author":{"@type":"Person","@id":"https:\/\/www.protyna.cz\/author\/#Person","name":"","url":"https:\/\/www.protyna.cz\/author\/","identifier":1,"image":{"@type":"ImageObject","@id":"https:\/\/secure.gravatar.com\/avatar\/c4e504508c75b610a351629e223ddd0c5b7858df84b2b7deedc4e007bdf99fc8?s=96&d=mm&r=g","url":"https:\/\/secure.gravatar.com\/avatar\/c4e504508c75b610a351629e223ddd0c5b7858df84b2b7deedc4e007bdf99fc8?s=96&d=mm&r=g","height":96,"width":96}},"publisher":{"@type":"Organization","name":"protyna.cz","logo":{"@type":"ImageObject","@id":"\/logo.png","url":"\/logo.png","width":600,"height":60}},"image":{"@type":"ImageObject","@id":"https:\/\/www.protyna.cz\/wp-content\/uploads\/img_a356582_w1935_t1571124210.jpg","url":"https:\/\/www.protyna.cz\/wp-content\/uploads\/img_a356582_w1935_t1571124210.jpg","height":0,"width":0},"keywords":null}]}