{"@context":"https:\/\/schema.org\/","@type":"CollectionPage","@id":"https:\/\/www.protyna.cz\/vyrobky\/#CollectionPage","headline":"V\u00fdrobky Category","description":"","url":"https:\/\/www.protyna.cz\/vyrobky\/","hasPart":[{"@type":"Article","@id":"https:\/\/www.protyna.cz\/bezbolestny-zubar-v-praze\/","headline":"Bezbolestn\u00fd zuba\u0159 v Praze","url":"https:\/\/www.protyna.cz\/bezbolestny-zubar-v-praze\/","datePublished":"2021-12-28","dateModified":"2023-05-31","mainEntityOfPage":"https:\/\/www.protyna.cz\/bezbolestny-zubar-v-praze\/","author":{"@type":"Person","@id":"https:\/\/www.protyna.cz\/author\/#Person","name":"","url":"https:\/\/www.protyna.cz\/author\/","identifier":1,"image":{"@type":"ImageObject","@id":"https:\/\/secure.gravatar.com\/avatar\/c4e504508c75b610a351629e223ddd0c5b7858df84b2b7deedc4e007bdf99fc8?s=96&d=mm&r=g","url":"https:\/\/secure.gravatar.com\/avatar\/c4e504508c75b610a351629e223ddd0c5b7858df84b2b7deedc4e007bdf99fc8?s=96&d=mm&r=g","height":96,"width":96}},"publisher":{"@type":"Organization","name":"protyna.cz","logo":{"@type":"ImageObject","@id":"\/logo.png","url":"\/logo.png","width":600,"height":60}},"image":{"@type":"ImageObject","@id":"https:\/\/www.protyna.cz\/wp-content\/uploads\/miniature-figures-gd924b2e9a_1920.jpg","url":"https:\/\/www.protyna.cz\/wp-content\/uploads\/miniature-figures-gd924b2e9a_1920.jpg","height":0,"width":0},"keywords":null},{"@type":"Article","@id":"https:\/\/www.protyna.cz\/reklamni-bloky-stoji-za-to\/","headline":"Reklamn\u00ed bloky stoj\u00ed za to","url":"https:\/\/www.protyna.cz\/reklamni-bloky-stoji-za-to\/","datePublished":"2021-12-18","dateModified":"2023-05-31","mainEntityOfPage":"https:\/\/www.protyna.cz\/reklamni-bloky-stoji-za-to\/","author":{"@type":"Person","@id":"https:\/\/www.protyna.cz\/author\/#Person","name":"","url":"https:\/\/www.protyna.cz\/author\/","identifier":1,"image":{"@type":"ImageObject","@id":"https:\/\/secure.gravatar.com\/avatar\/c4e504508c75b610a351629e223ddd0c5b7858df84b2b7deedc4e007bdf99fc8?s=96&d=mm&r=g","url":"https:\/\/secure.gravatar.com\/avatar\/c4e504508c75b610a351629e223ddd0c5b7858df84b2b7deedc4e007bdf99fc8?s=96&d=mm&r=g","height":96,"width":96}},"publisher":{"@type":"Organization","name":"protyna.cz","logo":{"@type":"ImageObject","@id":"\/logo.png","url":"\/logo.png","width":600,"height":60}},"image":{"@type":"ImageObject","@id":"https:\/\/www.protyna.cz\/wp-content\/uploads\/blok%20a%20v%C4%9Bci.PNG","url":"https:\/\/www.protyna.cz\/wp-content\/uploads\/blok%20a%20v%C4%9Bci.PNG","height":0,"width":0},"keywords":null},{"@type":"Article","@id":"https:\/\/www.protyna.cz\/zavitniky\/","headline":"Z\u00e1vitn\u00edky","url":"https:\/\/www.protyna.cz\/zavitniky\/","datePublished":"2021-11-26","dateModified":"2023-05-31","mainEntityOfPage":"https:\/\/www.protyna.cz\/zavitniky\/","author":{"@type":"Person","@id":"https:\/\/www.protyna.cz\/author\/#Person","name":"","url":"https:\/\/www.protyna.cz\/author\/","identifier":1,"image":{"@type":"ImageObject","@id":"https:\/\/secure.gravatar.com\/avatar\/c4e504508c75b610a351629e223ddd0c5b7858df84b2b7deedc4e007bdf99fc8?s=96&d=mm&r=g","url":"https:\/\/secure.gravatar.com\/avatar\/c4e504508c75b610a351629e223ddd0c5b7858df84b2b7deedc4e007bdf99fc8?s=96&d=mm&r=g","height":96,"width":96}},"publisher":{"@type":"Organization","name":"protyna.cz","logo":{"@type":"ImageObject","@id":"\/logo.png","url":"\/logo.png","width":600,"height":60}},"image":{"@type":"ImageObject","@id":"https:\/\/www.protyna.cz\/wp-content\/uploads\/taps-g1ee2f86ca_640.jpg","url":"https:\/\/www.protyna.cz\/wp-content\/uploads\/taps-g1ee2f86ca_640.jpg","height":0,"width":0},"keywords":null},{"@type":"Article","@id":"https:\/\/www.protyna.cz\/neprehlizejte-problemy-v-posteli-jak-a-kdy-je-nutne-zacit-lecit-problemy-s-erekci\/","headline":"Nep\u0159ehl\u00ed\u017eejte probl\u00e9my v posteli &#8211; Jak a kdy je nutn\u00e9 za\u010d\u00edt l\u00e9\u010dit probl\u00e9my s erekc\u00ed?","url":"https:\/\/www.protyna.cz\/neprehlizejte-problemy-v-posteli-jak-a-kdy-je-nutne-zacit-lecit-problemy-s-erekci\/","datePublished":"2021-11-04","dateModified":"2023-05-31","mainEntityOfPage":"https:\/\/www.protyna.cz\/neprehlizejte-problemy-v-posteli-jak-a-kdy-je-nutne-zacit-lecit-problemy-s-erekci\/","author":{"@type":"Person","@id":"https:\/\/www.protyna.cz\/author\/#Person","name":"","url":"https:\/\/www.protyna.cz\/author\/","identifier":1,"image":{"@type":"ImageObject","@id":"https:\/\/secure.gravatar.com\/avatar\/c4e504508c75b610a351629e223ddd0c5b7858df84b2b7deedc4e007bdf99fc8?s=96&d=mm&r=g","url":"https:\/\/secure.gravatar.com\/avatar\/c4e504508c75b610a351629e223ddd0c5b7858df84b2b7deedc4e007bdf99fc8?s=96&d=mm&r=g","height":96,"width":96}},"publisher":{"@type":"Organization","name":"protyna.cz","logo":{"@type":"ImageObject","@id":"\/logo.png","url":"\/logo.png","width":600,"height":60}},"image":{"@type":"ImageObject","@id":"https:\/\/www.protyna.cz\/wp-content\/uploads\/pexels-photo-5915407_1.jpeg","url":"https:\/\/www.protyna.cz\/wp-content\/uploads\/pexels-photo-5915407_1.jpeg","height":0,"width":0},"keywords":null},{"@type":"Article","@id":"https:\/\/www.protyna.cz\/vsadte-na-bezovou-kabelku\/","headline":"Vsa\u010fte na b\u00e9\u017eovou kabelku","url":"https:\/\/www.protyna.cz\/vsadte-na-bezovou-kabelku\/","datePublished":"2021-10-30","dateModified":"2023-05-31","mainEntityOfPage":"https:\/\/www.protyna.cz\/vsadte-na-bezovou-kabelku\/","author":{"@type":"Person","@id":"https:\/\/www.protyna.cz\/author\/#Person","name":"","url":"https:\/\/www.protyna.cz\/author\/","identifier":1,"image":{"@type":"ImageObject","@id":"https:\/\/secure.gravatar.com\/avatar\/c4e504508c75b610a351629e223ddd0c5b7858df84b2b7deedc4e007bdf99fc8?s=96&d=mm&r=g","url":"https:\/\/secure.gravatar.com\/avatar\/c4e504508c75b610a351629e223ddd0c5b7858df84b2b7deedc4e007bdf99fc8?s=96&d=mm&r=g","height":96,"width":96}},"publisher":{"@type":"Organization","name":"protyna.cz","logo":{"@type":"ImageObject","@id":"\/logo.png","url":"\/logo.png","width":600,"height":60}},"image":{"@type":"ImageObject","@id":"https:\/\/www.protyna.cz\/wp-content\/uploads\/b%C3%A9%C5%BEov%C3%A1%20tkanina.PNG","url":"https:\/\/www.protyna.cz\/wp-content\/uploads\/b%C3%A9%C5%BEov%C3%A1%20tkanina.PNG","height":0,"width":0},"keywords":null},{"@type":"Article","@id":"https:\/\/www.protyna.cz\/dobre-vino-vas-okouzli\/","headline":"Dobr\u00e9 v\u00edno V\u00e1s okouzl\u00ed","url":"https:\/\/www.protyna.cz\/dobre-vino-vas-okouzli\/","datePublished":"2021-08-08","dateModified":"2023-05-31","mainEntityOfPage":"https:\/\/www.protyna.cz\/dobre-vino-vas-okouzli\/","author":{"@type":"Person","@id":"https:\/\/www.protyna.cz\/author\/#Person","name":"","url":"https:\/\/www.protyna.cz\/author\/","identifier":1,"image":{"@type":"ImageObject","@id":"https:\/\/secure.gravatar.com\/avatar\/c4e504508c75b610a351629e223ddd0c5b7858df84b2b7deedc4e007bdf99fc8?s=96&d=mm&r=g","url":"https:\/\/secure.gravatar.com\/avatar\/c4e504508c75b610a351629e223ddd0c5b7858df84b2b7deedc4e007bdf99fc8?s=96&d=mm&r=g","height":96,"width":96}},"publisher":{"@type":"Organization","name":"protyna.cz","logo":{"@type":"ImageObject","@id":"\/logo.png","url":"\/logo.png","width":600,"height":60}},"image":{"@type":"ImageObject","@id":"https:\/\/www.protyna.cz\/wp-content\/uploads\/red-wine-2443699_960_720.jpg","url":"https:\/\/www.protyna.cz\/wp-content\/uploads\/red-wine-2443699_960_720.jpg","height":0,"width":0},"keywords":null},{"@type":"Article","@id":"https:\/\/www.protyna.cz\/kdy-je-ten-spravny-cas-zacit-s-behanim\/","headline":"Kdy je ten spr\u00e1vn\u00fd \u010das za\u010d\u00edt s b\u011bh\u00e1n\u00edm?","url":"https:\/\/www.protyna.cz\/kdy-je-ten-spravny-cas-zacit-s-behanim\/","datePublished":"2021-07-15","dateModified":"2023-05-31","mainEntityOfPage":"https:\/\/www.protyna.cz\/kdy-je-ten-spravny-cas-zacit-s-behanim\/","author":{"@type":"Person","@id":"https:\/\/www.protyna.cz\/author\/#Person","name":"","url":"https:\/\/www.protyna.cz\/author\/","identifier":1,"image":{"@type":"ImageObject","@id":"https:\/\/secure.gravatar.com\/avatar\/c4e504508c75b610a351629e223ddd0c5b7858df84b2b7deedc4e007bdf99fc8?s=96&d=mm&r=g","url":"https:\/\/secure.gravatar.com\/avatar\/c4e504508c75b610a351629e223ddd0c5b7858df84b2b7deedc4e007bdf99fc8?s=96&d=mm&r=g","height":96,"width":96}},"publisher":{"@type":"Organization","name":"protyna.cz","logo":{"@type":"ImageObject","@id":"\/logo.png","url":"\/logo.png","width":600,"height":60}},"image":{"@type":"ImageObject","@id":"https:\/\/www.protyna.cz\/wp-content\/uploads\/b%C4%9B%C5%BE%C3%ADc%C3%AD%20%C5%BEena_9.jpg","url":"https:\/\/www.protyna.cz\/wp-content\/uploads\/b%C4%9B%C5%BE%C3%ADc%C3%AD%20%C5%BEena_9.jpg","height":0,"width":0},"keywords":null},{"@type":"Article","@id":"https:\/\/www.protyna.cz\/kdy-je-vhodne-koupit-led-stropni-svitidlo\/","headline":"Kdy je vhodn\u00e9 koupit LED stropn\u00ed sv\u00edtidlo","url":"https:\/\/www.protyna.cz\/kdy-je-vhodne-koupit-led-stropni-svitidlo\/","datePublished":"2021-06-16","dateModified":"2023-12-20","mainEntityOfPage":"https:\/\/www.protyna.cz\/kdy-je-vhodne-koupit-led-stropni-svitidlo\/","author":{"@type":"Person","@id":"https:\/\/www.protyna.cz\/author\/#Person","name":"","url":"https:\/\/www.protyna.cz\/author\/","identifier":1,"image":{"@type":"ImageObject","@id":"https:\/\/secure.gravatar.com\/avatar\/c4e504508c75b610a351629e223ddd0c5b7858df84b2b7deedc4e007bdf99fc8?s=96&d=mm&r=g","url":"https:\/\/secure.gravatar.com\/avatar\/c4e504508c75b610a351629e223ddd0c5b7858df84b2b7deedc4e007bdf99fc8?s=96&d=mm&r=g","height":96,"width":96}},"publisher":{"@type":"Organization","name":"protyna.cz","logo":{"@type":"ImageObject","@id":"\/logo.png","url":"\/logo.png","width":600,"height":60}},"image":{"@type":"ImageObject","@id":"https:\/\/www.protyna.cz\/wp-content\/uploads\/20966-cl441-aba123-ct0000(5)-1500x1500_7RGEFz.jpg","url":"https:\/\/www.protyna.cz\/wp-content\/uploads\/20966-cl441-aba123-ct0000(5)-1500x1500_7RGEFz.jpg","height":0,"width":0},"keywords":null},{"@type":"Article","@id":"https:\/\/www.protyna.cz\/neni-nadobi-jako-nadobi\/","headline":"Nen\u00ed n\u00e1dob\u00ed jako n\u00e1dob\u00ed","url":"https:\/\/www.protyna.cz\/neni-nadobi-jako-nadobi\/","datePublished":"2021-05-19","dateModified":"2023-09-20","mainEntityOfPage":"https:\/\/www.protyna.cz\/neni-nadobi-jako-nadobi\/","author":{"@type":"Person","@id":"https:\/\/www.protyna.cz\/author\/#Person","name":"","url":"https:\/\/www.protyna.cz\/author\/","identifier":1,"image":{"@type":"ImageObject","@id":"https:\/\/secure.gravatar.com\/avatar\/c4e504508c75b610a351629e223ddd0c5b7858df84b2b7deedc4e007bdf99fc8?s=96&d=mm&r=g","url":"https:\/\/secure.gravatar.com\/avatar\/c4e504508c75b610a351629e223ddd0c5b7858df84b2b7deedc4e007bdf99fc8?s=96&d=mm&r=g","height":96,"width":96}},"publisher":{"@type":"Organization","name":"protyna.cz","logo":{"@type":"ImageObject","@id":"\/logo.png","url":"\/logo.png","width":600,"height":60}},"image":{"@type":"ImageObject","@id":"https:\/\/www.protyna.cz\/wp-content\/uploads\/171_stazeny-soubor_yzOuJ3.jpg","url":"https:\/\/www.protyna.cz\/wp-content\/uploads\/171_stazeny-soubor_yzOuJ3.jpg","height":0,"width":0},"keywords":null},{"@type":"Article","@id":"https:\/\/www.protyna.cz\/co-obnasi-mit-na-zahrade-betonovy-plot\/","headline":"Co obn\u00e1\u0161\u00ed m\u00edt na zahrad\u011b betonov\u00fd plot","url":"https:\/\/www.protyna.cz\/co-obnasi-mit-na-zahrade-betonovy-plot\/","datePublished":"2021-04-12","dateModified":"2023-05-31","mainEntityOfPage":"https:\/\/www.protyna.cz\/co-obnasi-mit-na-zahrade-betonovy-plot\/","author":{"@type":"Person","@id":"https:\/\/www.protyna.cz\/author\/#Person","name":"","url":"https:\/\/www.protyna.cz\/author\/","identifier":1,"image":{"@type":"ImageObject","@id":"https:\/\/secure.gravatar.com\/avatar\/c4e504508c75b610a351629e223ddd0c5b7858df84b2b7deedc4e007bdf99fc8?s=96&d=mm&r=g","url":"https:\/\/secure.gravatar.com\/avatar\/c4e504508c75b610a351629e223ddd0c5b7858df84b2b7deedc4e007bdf99fc8?s=96&d=mm&r=g","height":96,"width":96}},"publisher":{"@type":"Organization","name":"protyna.cz","logo":{"@type":"ImageObject","@id":"\/logo.png","url":"\/logo.png","width":600,"height":60}},"image":{"@type":"ImageObject","@id":"https:\/\/www.protyna.cz\/wp-content\/uploads\/betonov%C3%BD%20plot_10_10_6.jpg","url":"https:\/\/www.protyna.cz\/wp-content\/uploads\/betonov%C3%BD%20plot_10_10_6.jpg","height":0,"width":0},"keywords":null}]}