{"@context":"https:\/\/schema.org\/","@type":"CollectionPage","@id":"https:\/\/www.protyna.cz\/vyrobky\/#CollectionPage","headline":"V\u00fdrobky Category","description":"","url":"https:\/\/www.protyna.cz\/vyrobky\/","hasPart":[{"@type":"Article","@id":"https:\/\/www.protyna.cz\/spousta-denniho-svetla\/","headline":"Spousta denn\u00edho sv\u011btla","url":"https:\/\/www.protyna.cz\/spousta-denniho-svetla\/","datePublished":"2025-04-13","dateModified":"2025-04-13","mainEntityOfPage":"https:\/\/www.protyna.cz\/spousta-denniho-svetla\/","author":{"@type":"Person","@id":"https:\/\/www.protyna.cz\/author\/#Person","name":"","url":"https:\/\/www.protyna.cz\/author\/","identifier":1,"image":{"@type":"ImageObject","@id":"https:\/\/secure.gravatar.com\/avatar\/c4e504508c75b610a351629e223ddd0c5b7858df84b2b7deedc4e007bdf99fc8?s=96&d=mm&r=g","url":"https:\/\/secure.gravatar.com\/avatar\/c4e504508c75b610a351629e223ddd0c5b7858df84b2b7deedc4e007bdf99fc8?s=96&d=mm&r=g","height":96,"width":96}},"publisher":{"@type":"Organization","name":"protyna.cz","logo":{"@type":"ImageObject","@id":"\/logo.png","url":"\/logo.png","width":600,"height":60}},"image":{"@type":"ImageObject","@id":"https:\/\/www.protyna.cz\/wp-content\/uploads\/pexels-joachim-hoholm-371880152-29453302.jpg","url":"https:\/\/www.protyna.cz\/wp-content\/uploads\/pexels-joachim-hoholm-371880152-29453302.jpg","height":0,"width":0},"keywords":null},{"@type":"Article","@id":"https:\/\/www.protyna.cz\/jak-ukotvit-izolaci-a-obkladovy-kamen-na-zdivo-porotherm\/","headline":"Jak ukotvit izolaci a obkladov\u00fd k\u00e1men na zdivo Porotherm","url":"https:\/\/www.protyna.cz\/jak-ukotvit-izolaci-a-obkladovy-kamen-na-zdivo-porotherm\/","datePublished":"2024-07-27","dateModified":"2024-07-27","mainEntityOfPage":"https:\/\/www.protyna.cz\/jak-ukotvit-izolaci-a-obkladovy-kamen-na-zdivo-porotherm\/","author":{"@type":"Person","@id":"https:\/\/www.protyna.cz\/author\/#Person","name":"","url":"https:\/\/www.protyna.cz\/author\/","identifier":1,"image":{"@type":"ImageObject","@id":"https:\/\/secure.gravatar.com\/avatar\/c4e504508c75b610a351629e223ddd0c5b7858df84b2b7deedc4e007bdf99fc8?s=96&d=mm&r=g","url":"https:\/\/secure.gravatar.com\/avatar\/c4e504508c75b610a351629e223ddd0c5b7858df84b2b7deedc4e007bdf99fc8?s=96&d=mm&r=g","height":96,"width":96}},"publisher":{"@type":"Organization","name":"protyna.cz","logo":{"@type":"ImageObject","@id":"\/logo.png","url":"\/logo.png","width":600,"height":60}},"image":{"@type":"ImageObject","@id":"https:\/\/www.protyna.cz\/wp-content\/uploads\/barrow-420728_640_4.jpg","url":"https:\/\/www.protyna.cz\/wp-content\/uploads\/barrow-420728_640_4.jpg","height":0,"width":0},"keywords":null},{"@type":"Article","@id":"https:\/\/www.protyna.cz\/technika-k-vasemu-bazenu\/","headline":"Technika k va\u0161emu baz\u00e9nu","url":"https:\/\/www.protyna.cz\/technika-k-vasemu-bazenu\/","datePublished":"2024-04-16","dateModified":"2024-05-21","mainEntityOfPage":"https:\/\/www.protyna.cz\/technika-k-vasemu-bazenu\/","author":{"@type":"Person","@id":"https:\/\/www.protyna.cz\/author\/#Person","name":"","url":"https:\/\/www.protyna.cz\/author\/","identifier":1,"image":{"@type":"ImageObject","@id":"https:\/\/secure.gravatar.com\/avatar\/c4e504508c75b610a351629e223ddd0c5b7858df84b2b7deedc4e007bdf99fc8?s=96&d=mm&r=g","url":"https:\/\/secure.gravatar.com\/avatar\/c4e504508c75b610a351629e223ddd0c5b7858df84b2b7deedc4e007bdf99fc8?s=96&d=mm&r=g","height":96,"width":96}},"publisher":{"@type":"Organization","name":"protyna.cz","logo":{"@type":"ImageObject","@id":"\/logo.png","url":"\/logo.png","width":600,"height":60}},"image":{"@type":"ImageObject","@id":"https:\/\/www.protyna.cz\/wp-content\/uploads\/villa-4555824_1280_3.jpg","url":"https:\/\/www.protyna.cz\/wp-content\/uploads\/villa-4555824_1280_3.jpg","height":0,"width":0},"keywords":null},{"@type":"Article","@id":"https:\/\/www.protyna.cz\/vysvetlete-detem-vyhody-a-dulezitost-modernich-vynalezu\/","headline":"Vysv\u011btlete d\u011btem v\u00fdhody a d\u016fle\u017eitost modern\u00edch vyn\u00e1lez\u016f","url":"https:\/\/www.protyna.cz\/vysvetlete-detem-vyhody-a-dulezitost-modernich-vynalezu\/","datePublished":"2023-09-20","dateModified":"2023-11-02","mainEntityOfPage":"https:\/\/www.protyna.cz\/vysvetlete-detem-vyhody-a-dulezitost-modernich-vynalezu\/","author":{"@type":"Person","@id":"https:\/\/www.protyna.cz\/author\/#Person","name":"","url":"https:\/\/www.protyna.cz\/author\/","identifier":1,"image":{"@type":"ImageObject","@id":"https:\/\/secure.gravatar.com\/avatar\/c4e504508c75b610a351629e223ddd0c5b7858df84b2b7deedc4e007bdf99fc8?s=96&d=mm&r=g","url":"https:\/\/secure.gravatar.com\/avatar\/c4e504508c75b610a351629e223ddd0c5b7858df84b2b7deedc4e007bdf99fc8?s=96&d=mm&r=g","height":96,"width":96}},"publisher":{"@type":"Organization","name":"protyna.cz","logo":{"@type":"ImageObject","@id":"\/logo.png","url":"\/logo.png","width":600,"height":60}},"image":{"@type":"ImageObject","@id":"https:\/\/www.protyna.cz\/wp-content\/uploads\/colored-stones-2669882_640.jpg","url":"https:\/\/www.protyna.cz\/wp-content\/uploads\/colored-stones-2669882_640.jpg","height":0,"width":0},"keywords":null},{"@type":"Article","@id":"https:\/\/www.protyna.cz\/co-a-kde-skladovat\/","headline":"Co a kde skladovat","url":"https:\/\/www.protyna.cz\/co-a-kde-skladovat\/","datePublished":"2022-12-27","dateModified":"2023-07-21","mainEntityOfPage":"https:\/\/www.protyna.cz\/co-a-kde-skladovat\/","author":{"@type":"Person","@id":"https:\/\/www.protyna.cz\/author\/#Person","name":"","url":"https:\/\/www.protyna.cz\/author\/","identifier":1,"image":{"@type":"ImageObject","@id":"https:\/\/secure.gravatar.com\/avatar\/c4e504508c75b610a351629e223ddd0c5b7858df84b2b7deedc4e007bdf99fc8?s=96&d=mm&r=g","url":"https:\/\/secure.gravatar.com\/avatar\/c4e504508c75b610a351629e223ddd0c5b7858df84b2b7deedc4e007bdf99fc8?s=96&d=mm&r=g","height":96,"width":96}},"publisher":{"@type":"Organization","name":"protyna.cz","logo":{"@type":"ImageObject","@id":"\/logo.png","url":"\/logo.png","width":600,"height":60}},"image":{"@type":"ImageObject","@id":"https:\/\/www.protyna.cz\/wp-content\/uploads\/barrels-52934_960_720_2.jpg","url":"https:\/\/www.protyna.cz\/wp-content\/uploads\/barrels-52934_960_720_2.jpg","height":0,"width":0},"keywords":null},{"@type":"Article","@id":"https:\/\/www.protyna.cz\/pergola-kvalitne-a-rychle\/","headline":"Pergola kvalitn\u011b a rychle","url":"https:\/\/www.protyna.cz\/pergola-kvalitne-a-rychle\/","datePublished":"2022-07-11","dateModified":"2023-12-20","mainEntityOfPage":"https:\/\/www.protyna.cz\/pergola-kvalitne-a-rychle\/","author":{"@type":"Person","@id":"https:\/\/www.protyna.cz\/author\/#Person","name":"","url":"https:\/\/www.protyna.cz\/author\/","identifier":1,"image":{"@type":"ImageObject","@id":"https:\/\/secure.gravatar.com\/avatar\/c4e504508c75b610a351629e223ddd0c5b7858df84b2b7deedc4e007bdf99fc8?s=96&d=mm&r=g","url":"https:\/\/secure.gravatar.com\/avatar\/c4e504508c75b610a351629e223ddd0c5b7858df84b2b7deedc4e007bdf99fc8?s=96&d=mm&r=g","height":96,"width":96}},"publisher":{"@type":"Organization","name":"protyna.cz","logo":{"@type":"ImageObject","@id":"\/logo.png","url":"\/logo.png","width":600,"height":60}},"image":{"@type":"ImageObject","@id":"https:\/\/www.protyna.cz\/wp-content\/uploads\/pergola-96822_640_10_1.jpg","url":"https:\/\/www.protyna.cz\/wp-content\/uploads\/pergola-96822_640_10_1.jpg","height":0,"width":0},"keywords":null},{"@type":"Article","@id":"https:\/\/www.protyna.cz\/originalni-a-rucne-zpracovane-sperky\/","headline":"Origin\u00e1ln\u00ed a ru\u010dn\u011b zpracovan\u00e9 \u0161perky","url":"https:\/\/www.protyna.cz\/originalni-a-rucne-zpracovane-sperky\/","datePublished":"2022-05-31","dateModified":"2023-05-31","mainEntityOfPage":"https:\/\/www.protyna.cz\/originalni-a-rucne-zpracovane-sperky\/","author":{"@type":"Person","@id":"https:\/\/www.protyna.cz\/author\/#Person","name":"","url":"https:\/\/www.protyna.cz\/author\/","identifier":1,"image":{"@type":"ImageObject","@id":"https:\/\/secure.gravatar.com\/avatar\/c4e504508c75b610a351629e223ddd0c5b7858df84b2b7deedc4e007bdf99fc8?s=96&d=mm&r=g","url":"https:\/\/secure.gravatar.com\/avatar\/c4e504508c75b610a351629e223ddd0c5b7858df84b2b7deedc4e007bdf99fc8?s=96&d=mm&r=g","height":96,"width":96}},"publisher":{"@type":"Organization","name":"protyna.cz","logo":{"@type":"ImageObject","@id":"\/logo.png","url":"\/logo.png","width":600,"height":60}},"image":{"@type":"ImageObject","@id":"https:\/\/www.protyna.cz\/wp-content\/uploads\/bride-gefa286e92_640_7.jpg","url":"https:\/\/www.protyna.cz\/wp-content\/uploads\/bride-gefa286e92_640_7.jpg","height":0,"width":0},"keywords":null},{"@type":"Article","@id":"https:\/\/www.protyna.cz\/proc-radeji-latkove-pleny-nez-jednorazove\/","headline":"Pro\u010d rad\u011bji l\u00e1tkov\u00e9 pleny, ne\u017e jednor\u00e1zov\u00e9","url":"https:\/\/www.protyna.cz\/proc-radeji-latkove-pleny-nez-jednorazove\/","datePublished":"2022-05-13","dateModified":"2023-05-31","mainEntityOfPage":"https:\/\/www.protyna.cz\/proc-radeji-latkove-pleny-nez-jednorazove\/","author":{"@type":"Person","@id":"https:\/\/www.protyna.cz\/author\/#Person","name":"","url":"https:\/\/www.protyna.cz\/author\/","identifier":1,"image":{"@type":"ImageObject","@id":"https:\/\/secure.gravatar.com\/avatar\/c4e504508c75b610a351629e223ddd0c5b7858df84b2b7deedc4e007bdf99fc8?s=96&d=mm&r=g","url":"https:\/\/secure.gravatar.com\/avatar\/c4e504508c75b610a351629e223ddd0c5b7858df84b2b7deedc4e007bdf99fc8?s=96&d=mm&r=g","height":96,"width":96}},"publisher":{"@type":"Organization","name":"protyna.cz","logo":{"@type":"ImageObject","@id":"\/logo.png","url":"\/logo.png","width":600,"height":60}},"image":{"@type":"ImageObject","@id":"https:\/\/www.protyna.cz\/wp-content\/uploads\/baby-784608_640_3.jpg","url":"https:\/\/www.protyna.cz\/wp-content\/uploads\/baby-784608_640_3.jpg","height":0,"width":0},"keywords":null},{"@type":"Article","@id":"https:\/\/www.protyna.cz\/loom-je-pro-dvere-idealni\/","headline":"Loom je pro dve\u0159e ide\u00e1ln\u00ed","url":"https:\/\/www.protyna.cz\/loom-je-pro-dvere-idealni\/","datePublished":"2022-03-21","dateModified":"2023-05-31","mainEntityOfPage":"https:\/\/www.protyna.cz\/loom-je-pro-dvere-idealni\/","author":{"@type":"Person","@id":"https:\/\/www.protyna.cz\/author\/#Person","name":"","url":"https:\/\/www.protyna.cz\/author\/","identifier":1,"image":{"@type":"ImageObject","@id":"https:\/\/secure.gravatar.com\/avatar\/c4e504508c75b610a351629e223ddd0c5b7858df84b2b7deedc4e007bdf99fc8?s=96&d=mm&r=g","url":"https:\/\/secure.gravatar.com\/avatar\/c4e504508c75b610a351629e223ddd0c5b7858df84b2b7deedc4e007bdf99fc8?s=96&d=mm&r=g","height":96,"width":96}},"publisher":{"@type":"Organization","name":"protyna.cz","logo":{"@type":"ImageObject","@id":"\/logo.png","url":"\/logo.png","width":600,"height":60}},"image":{"@type":"ImageObject","@id":"https:\/\/www.protyna.cz\/wp-content\/uploads\/dve%C5%99e%20b%C3%ADl%C3%A9.JPG","url":"https:\/\/www.protyna.cz\/wp-content\/uploads\/dve%C5%99e%20b%C3%ADl%C3%A9.JPG","height":0,"width":0},"keywords":null},{"@type":"Article","@id":"https:\/\/www.protyna.cz\/modely-aut-k-nerozeznani-od-opravdickych-automobilu\/","headline":"Modely aut k nerozezn\u00e1n\u00ed od opravdick\u00fdch automobil\u016f.","url":"https:\/\/www.protyna.cz\/modely-aut-k-nerozeznani-od-opravdickych-automobilu\/","datePublished":"2022-01-17","dateModified":"2023-05-31","mainEntityOfPage":"https:\/\/www.protyna.cz\/modely-aut-k-nerozeznani-od-opravdickych-automobilu\/","author":{"@type":"Person","@id":"https:\/\/www.protyna.cz\/author\/#Person","name":"","url":"https:\/\/www.protyna.cz\/author\/","identifier":1,"image":{"@type":"ImageObject","@id":"https:\/\/secure.gravatar.com\/avatar\/c4e504508c75b610a351629e223ddd0c5b7858df84b2b7deedc4e007bdf99fc8?s=96&d=mm&r=g","url":"https:\/\/secure.gravatar.com\/avatar\/c4e504508c75b610a351629e223ddd0c5b7858df84b2b7deedc4e007bdf99fc8?s=96&d=mm&r=g","height":96,"width":96}},"publisher":{"@type":"Organization","name":"protyna.cz","logo":{"@type":"ImageObject","@id":"\/logo.png","url":"\/logo.png","width":600,"height":60}},"image":{"@type":"ImageObject","@id":"https:\/\/www.protyna.cz\/wp-content\/uploads\/auto1_6.jpg","url":"https:\/\/www.protyna.cz\/wp-content\/uploads\/auto1_6.jpg","height":0,"width":0},"keywords":null}]}