[{"@context":"https:\/\/schema.org\/","@type":"Article","@id":"https:\/\/www.protyna.cz\/postel-s-patrem-chteji-vsechny-deti\/#Article","mainEntityOfPage":"https:\/\/www.protyna.cz\/postel-s-patrem-chteji-vsechny-deti\/","headline":"Postel s patrem cht\u011bj\u00ed v\u0161echny d\u011bti","name":"Postel s patrem cht\u011bj\u00ed v\u0161echny d\u011bti","description":"Pokud m\u00e1te doma v\u00edce ne\u017e jednoho mal\u00e9ho uli\u010dn\u00edka, jist\u011b \u0159e\u0161\u00edte ka\u017ed\u00fd prostor, kter\u00fd by v\u00e1m mohl u\u0161et\u0159it m\u00edsto pot\u0159ebn\u00e9 k<p><a href=\"https:\/\/www.protyna.cz\/postel-s-patrem-chteji-vsechny-deti\/\" class=\"more-link\">P\u0159e\u010d\u00edst...<span class=\"screen-reader-text\">Postel s patrem cht\u011bj\u00ed v\u0161echny d\u011bti<\/span><\/a><\/p>","datePublished":"2020-01-16","dateModified":"2024-02-13","author":{"@type":"Person","@id":"https:\/\/www.protyna.cz\/author\/#Person","name":"","url":"https:\/\/www.protyna.cz\/author\/","identifier":1,"image":{"@type":"ImageObject","@id":"https:\/\/secure.gravatar.com\/avatar\/c4e504508c75b610a351629e223ddd0c5b7858df84b2b7deedc4e007bdf99fc8?s=96&d=mm&r=g","url":"https:\/\/secure.gravatar.com\/avatar\/c4e504508c75b610a351629e223ddd0c5b7858df84b2b7deedc4e007bdf99fc8?s=96&d=mm&r=g","height":96,"width":96}},"publisher":{"@type":"Organization","name":"protyna.cz","logo":{"@type":"ImageObject","@id":"\/logo.png","url":"\/logo.png","width":600,"height":60}},"image":{"@type":"ImageObject","@id":"https:\/\/www.protyna.cz\/wp-content\/uploads\/img_a350246_w1693_t1565092134.png","url":"https:\/\/www.protyna.cz\/wp-content\/uploads\/img_a350246_w1693_t1565092134.png","height":0,"width":0},"url":"https:\/\/www.protyna.cz\/postel-s-patrem-chteji-vsechny-deti\/","about":["Kr\u00e1sa"],"wordCount":456,"articleBody":"        Pokud m\u00e1te doma v\u00edce ne\u017e jednoho mal\u00e9ho uli\u010dn\u00edka, jist\u011b \u0159e\u0161\u00edte ka\u017ed\u00fd prostor, kter\u00fd by v\u00e1m mohl u\u0161et\u0159it m\u00edsto pot\u0159ebn\u00e9 k uskladn\u011bn\u00ed oble\u010den\u00ed, ale i hran\u00ed. Obzvl\u00e1\u0161t\u011b v d\u011btsk\u00e9m pokoji je n\u011bkdy p\u0159\u00edmo nemo\u017en\u00e9 ud\u011blat m\u00edsto, kter\u00e9 by slou\u017eilo d\u011btem zejm\u00e9na pro jejich hru.Vy\u0159e\u0161it takovou situaci m\u016f\u017eete pr\u00e1v\u011b volbou n\u00e1bytku, kter\u00fd v\u00e1m u\u0161et\u0159\u00ed spoustu m\u00edsta a poslou\u017e\u00ed i jako stylov\u00fd prvek, kter\u00fd se do d\u011btsk\u00e9ho kr\u00e1lovstv\u00ed fantasticky hod\u00ed. Patrov\u00e1 postel d\u011btem vyhovuje  Nejlep\u0161\u00ed mo\u017enost\u00ed, jak z\u00edskat m\u00edsto v pokoji pro d\u011bti, je zakoupit patrovou postel 90&#215;200, kter\u00e1 nab\u00eddne d\u011btem dostate\u010dn\u011b velk\u00e9 l\u016f\u017eko, se kter\u00fdm budou r\u016fst a rovn\u011b\u017e i chytr\u00e9 \u0159e\u0161en\u00ed jejich probl\u00e9mu s n\u00e1bytkem, kter\u00fd jim p\u0159i jejich h\u0159e vad\u00ed.D\u00edky kvalitn\u00edmu d\u0159evu odol\u00e1 i v\u011bt\u0161\u00ed z\u00e1t\u011b\u017ei, nab\u00eddne d\u011btem stabilitu a co ocen\u00ed p\u0159edev\u0161\u00edm rodi\u010de \u2013 p\u0159isp\u011bje sv\u00fdm vzhledem do dokonal\u00e9ho designu d\u011btsk\u00e9ho pokoje.Zvolit si z jejich \u0159ad m\u016f\u017eete hned n\u011bkolik typ\u016f d\u0159eva, jak\u00fdmi jsou: p\u0159\u00edrodn\u00ed proveden\u00ed  dub  buk  o\u0159ech  ol\u0161e  grafit(\u0161ed\u00e1 barva)  b\u00edl\u00e1 lakovan\u00e1  nebo i barevn\u00e9 lakov\u00e1n\u00ed v podob\u011b modr\u00e9, zelen\u00e9 a r\u016f\u017eov\u00e9 barvy  Dostate\u010dn\u011b pestr\u00fd v\u00fdb\u011br barev se tedy postar\u00e1 o to, aby zapadla do ka\u017ed\u00e9ho interi\u00e9ru pokoje ur\u010den\u00e9ho pro mal\u00e9 ratolesti. Bezpe\u010d\u00ed, kter\u00e9 d\u011bti ochr\u00e1n\u00ed  P\u0159i v\u00fdb\u011bru patrov\u00e9 postele mus\u00ed b\u00fdt samoz\u0159ejmost\u00ed zv\u00fd\u0161en\u00e1 pozornost na bezpe\u010d\u00ed. Abyste m\u011bli jistotu, \u017ee va\u0161e d\u00edt\u011b z patra nebo spodn\u00ed \u010d\u00e1sti nespadne dol\u016f na zem, je ka\u017ed\u00e1 postel vybavena z\u00e1branou a rovn\u011b\u017e i bezpe\u010dnostn\u00edm \u017eeb\u0159\u00edkem. Pro je\u0161t\u011b v\u011bt\u0161\u00ed pohodl\u00ed m\u016f\u017eete p\u0159ev\u00e1\u017en\u011b men\u0161\u00edm d\u011btem zakoupit nad jejich postel stan, kter\u00fd jim d\u00e1 nejen pocit soukrom\u00ed, ale i bezpe\u010d\u00ed, d\u00edky tomu, \u017ee se jim bude sp\u00e1t jako v jejich vlastn\u00ed pevnosti. Takt\u00e9\u017e m\u016f\u017eete \u0161ikovn\u011b vyu\u017e\u00edt m\u00edsto pod postel\u00ed a doplnit ho o stylov\u00e9 \u0161upl\u00edky, do kter\u00fdch schov\u00e1te l\u016f\u017ekoviny nebo hra\u010dky, kter\u00e9 u\u017e nem\u00e1te kam ulo\u017eit. V\u011b\u0159te, \u017ee budete spokojeni, pokud vsad\u00edte na luxusn\u00ed velikost postele, kvalitn\u00ed d\u0159ev\u011bn\u00fd materi\u00e1l, unik\u00e1tn\u00ed design a rovn\u011b\u017e i to, \u017ee v\u00edte, jak va\u0161im d\u011btem umo\u017enit m\u00edt v jejich pokoji v\u00edce m\u00edsta pro dov\u00e1d\u011bn\u00ed.                                                                                                                                                                                                                                                                                                                                                                                          4.7\/5 - (11 votes)        "},{"@context":"https:\/\/schema.org\/","@type":"BreadcrumbList","itemListElement":[{"@type":"ListItem","position":1,"name":"Postel s patrem cht\u011bj\u00ed v\u0161echny d\u011bti","item":"https:\/\/www.protyna.cz\/postel-s-patrem-chteji-vsechny-deti\/#breadcrumbitem"}]}]