[{"@context":"https:\/\/schema.org\/","@type":"Blog","@id":"https:\/\/www.protyna.cz#Blog","headline":"Protyna","description":"\nNe v\u0161ude na internetu na v\u00e1s \u010dek\u00e1 jenom n\u011bco prosp\u011b\u0161n\u00e9ho. Je tu i nejedno nebezpe\u010d\u00ed. Ale na na\u0161em webu jsou zaru\u010den\u011b jen v\u011bci, kter\u00e9 v\u00e1m budou prosp\u011b\u0161n\u00e9.","url":"https:\/\/www.protyna.cz","hasPart":[{"@type":"Article","@id":"https:\/\/www.protyna.cz\/poradime-vam-jak-na-zdrave-hubnuti\/","headline":"Porad\u00edme v\u00e1m, jak na zdrav\u00e9 hubnut\u00ed!","url":"https:\/\/www.protyna.cz\/poradime-vam-jak-na-zdrave-hubnuti\/","datePublished":"2021-09-22","dateModified":"2023-05-31","mainEntityOfPage":"https:\/\/www.protyna.cz\/poradime-vam-jak-na-zdrave-hubnuti\/","author":{"@type":"Person","@id":"https:\/\/www.protyna.cz\/author\/#Person","name":"","url":"https:\/\/www.protyna.cz\/author\/","identifier":1,"image":{"@type":"ImageObject","@id":"https:\/\/secure.gravatar.com\/avatar\/c4e504508c75b610a351629e223ddd0c5b7858df84b2b7deedc4e007bdf99fc8?s=96&d=mm&r=g","url":"https:\/\/secure.gravatar.com\/avatar\/c4e504508c75b610a351629e223ddd0c5b7858df84b2b7deedc4e007bdf99fc8?s=96&d=mm&r=g","height":96,"width":96}},"publisher":{"@type":"Organization","name":"protyna.cz","logo":{"@type":"ImageObject","@id":"\/logo.png","url":"\/logo.png","width":600,"height":60}},"image":{"@type":"ImageObject","@id":"https:\/\/www.protyna.cz\/wp-content\/uploads\/ryba%20j%C3%ADdlo.jpeg","url":"https:\/\/www.protyna.cz\/wp-content\/uploads\/ryba%20j%C3%ADdlo.jpeg","height":0,"width":0},"wordCount":637,"keywords":null},{"@type":"Article","@id":"https:\/\/www.protyna.cz\/deti-jsou-nasim-potesenim\/","headline":"D\u011bti jsou na\u0161\u00edm pot\u011b\u0161en\u00edm","url":"https:\/\/www.protyna.cz\/deti-jsou-nasim-potesenim\/","datePublished":"2021-09-12","dateModified":"2023-05-31","mainEntityOfPage":"https:\/\/www.protyna.cz\/deti-jsou-nasim-potesenim\/","author":{"@type":"Person","@id":"https:\/\/www.protyna.cz\/author\/#Person","name":"","url":"https:\/\/www.protyna.cz\/author\/","identifier":1,"image":{"@type":"ImageObject","@id":"https:\/\/secure.gravatar.com\/avatar\/c4e504508c75b610a351629e223ddd0c5b7858df84b2b7deedc4e007bdf99fc8?s=96&d=mm&r=g","url":"https:\/\/secure.gravatar.com\/avatar\/c4e504508c75b610a351629e223ddd0c5b7858df84b2b7deedc4e007bdf99fc8?s=96&d=mm&r=g","height":96,"width":96}},"publisher":{"@type":"Organization","name":"protyna.cz","logo":{"@type":"ImageObject","@id":"\/logo.png","url":"\/logo.png","width":600,"height":60}},"image":{"@type":"ImageObject","@id":"https:\/\/www.protyna.cz\/wp-content\/uploads\/stroller-2665648_640.jpg","url":"https:\/\/www.protyna.cz\/wp-content\/uploads\/stroller-2665648_640.jpg","height":0,"width":0},"wordCount":569,"keywords":null},{"@type":"Article","@id":"https:\/\/www.protyna.cz\/rucne-vyrabene-dekorativni-ozdoby-pro-rodiny-i-firmy\/","headline":"Ru\u010dn\u011b vyr\u00e1b\u011bn\u00e9 dekorativn\u00ed ozdoby pro rodiny i firmy","url":"https:\/\/www.protyna.cz\/rucne-vyrabene-dekorativni-ozdoby-pro-rodiny-i-firmy\/","datePublished":"2021-08-13","dateModified":"2023-05-31","mainEntityOfPage":"https:\/\/www.protyna.cz\/rucne-vyrabene-dekorativni-ozdoby-pro-rodiny-i-firmy\/","author":{"@type":"Person","@id":"https:\/\/www.protyna.cz\/author\/#Person","name":"","url":"https:\/\/www.protyna.cz\/author\/","identifier":1,"image":{"@type":"ImageObject","@id":"https:\/\/secure.gravatar.com\/avatar\/c4e504508c75b610a351629e223ddd0c5b7858df84b2b7deedc4e007bdf99fc8?s=96&d=mm&r=g","url":"https:\/\/secure.gravatar.com\/avatar\/c4e504508c75b610a351629e223ddd0c5b7858df84b2b7deedc4e007bdf99fc8?s=96&d=mm&r=g","height":96,"width":96}},"publisher":{"@type":"Organization","name":"protyna.cz","logo":{"@type":"ImageObject","@id":"\/logo.png","url":"\/logo.png","width":600,"height":60}},"image":{"@type":"ImageObject","@id":"https:\/\/www.protyna.cz\/wp-content\/uploads\/v%C3%A1no%C4%8Dn%C3%AD%20hv%C4%9Bzda.jpg","url":"https:\/\/www.protyna.cz\/wp-content\/uploads\/v%C3%A1no%C4%8Dn%C3%AD%20hv%C4%9Bzda.jpg","height":0,"width":0},"wordCount":644,"keywords":null},{"@type":"Article","@id":"https:\/\/www.protyna.cz\/samet-neboli-velvet\/","headline":"Samet neboli Velvet","url":"https:\/\/www.protyna.cz\/samet-neboli-velvet\/","datePublished":"2021-08-11","dateModified":"2021-08-11","mainEntityOfPage":"https:\/\/www.protyna.cz\/samet-neboli-velvet\/","author":{"@type":"Person","@id":"https:\/\/www.protyna.cz\/author\/#Person","name":"","url":"https:\/\/www.protyna.cz\/author\/","identifier":1,"image":{"@type":"ImageObject","@id":"https:\/\/secure.gravatar.com\/avatar\/c4e504508c75b610a351629e223ddd0c5b7858df84b2b7deedc4e007bdf99fc8?s=96&d=mm&r=g","url":"https:\/\/secure.gravatar.com\/avatar\/c4e504508c75b610a351629e223ddd0c5b7858df84b2b7deedc4e007bdf99fc8?s=96&d=mm&r=g","height":96,"width":96}},"publisher":{"@type":"Organization","name":"protyna.cz","logo":{"@type":"ImageObject","@id":"\/logo.png","url":"\/logo.png","width":600,"height":60}},"image":{"@type":"ImageObject","@id":"https:\/\/www.protyna.cz\/wp-content\/uploads\/rud%C3%BD%20samet.jpg","url":"https:\/\/www.protyna.cz\/wp-content\/uploads\/rud%C3%BD%20samet.jpg","height":0,"width":0},"wordCount":569,"keywords":null},{"@type":"Article","@id":"https:\/\/www.protyna.cz\/dobre-vino-vas-okouzli\/","headline":"Dobr\u00e9 v\u00edno V\u00e1s okouzl\u00ed","url":"https:\/\/www.protyna.cz\/dobre-vino-vas-okouzli\/","datePublished":"2021-08-08","dateModified":"2023-05-31","mainEntityOfPage":"https:\/\/www.protyna.cz\/dobre-vino-vas-okouzli\/","author":{"@type":"Person","@id":"https:\/\/www.protyna.cz\/author\/#Person","name":"","url":"https:\/\/www.protyna.cz\/author\/","identifier":1,"image":{"@type":"ImageObject","@id":"https:\/\/secure.gravatar.com\/avatar\/c4e504508c75b610a351629e223ddd0c5b7858df84b2b7deedc4e007bdf99fc8?s=96&d=mm&r=g","url":"https:\/\/secure.gravatar.com\/avatar\/c4e504508c75b610a351629e223ddd0c5b7858df84b2b7deedc4e007bdf99fc8?s=96&d=mm&r=g","height":96,"width":96}},"publisher":{"@type":"Organization","name":"protyna.cz","logo":{"@type":"ImageObject","@id":"\/logo.png","url":"\/logo.png","width":600,"height":60}},"image":{"@type":"ImageObject","@id":"https:\/\/www.protyna.cz\/wp-content\/uploads\/red-wine-2443699_960_720.jpg","url":"https:\/\/www.protyna.cz\/wp-content\/uploads\/red-wine-2443699_960_720.jpg","height":0,"width":0},"wordCount":612,"keywords":null},{"@type":"Article","@id":"https:\/\/www.protyna.cz\/ozvucte-spravne-vasi-akci\/","headline":"Ozvu\u010dte spr\u00e1vn\u011b va\u0161i akci","url":"https:\/\/www.protyna.cz\/ozvucte-spravne-vasi-akci\/","datePublished":"2021-07-15","dateModified":"2023-05-31","mainEntityOfPage":"https:\/\/www.protyna.cz\/ozvucte-spravne-vasi-akci\/","author":{"@type":"Person","@id":"https:\/\/www.protyna.cz\/author\/#Person","name":"","url":"https:\/\/www.protyna.cz\/author\/","identifier":1,"image":{"@type":"ImageObject","@id":"https:\/\/secure.gravatar.com\/avatar\/c4e504508c75b610a351629e223ddd0c5b7858df84b2b7deedc4e007bdf99fc8?s=96&d=mm&r=g","url":"https:\/\/secure.gravatar.com\/avatar\/c4e504508c75b610a351629e223ddd0c5b7858df84b2b7deedc4e007bdf99fc8?s=96&d=mm&r=g","height":96,"width":96}},"publisher":{"@type":"Organization","name":"protyna.cz","logo":{"@type":"ImageObject","@id":"\/logo.png","url":"\/logo.png","width":600,"height":60}},"image":{"@type":"ImageObject","@id":"https:\/\/www.protyna.cz\/wp-content\/uploads\/mobile-phone-1845233_1920.jpg","url":"https:\/\/www.protyna.cz\/wp-content\/uploads\/mobile-phone-1845233_1920.jpg","height":0,"width":0},"wordCount":529,"keywords":null},{"@type":"Article","@id":"https:\/\/www.protyna.cz\/kdy-je-ten-spravny-cas-zacit-s-behanim\/","headline":"Kdy je ten spr\u00e1vn\u00fd \u010das za\u010d\u00edt s b\u011bh\u00e1n\u00edm?","url":"https:\/\/www.protyna.cz\/kdy-je-ten-spravny-cas-zacit-s-behanim\/","datePublished":"2021-07-15","dateModified":"2023-05-31","mainEntityOfPage":"https:\/\/www.protyna.cz\/kdy-je-ten-spravny-cas-zacit-s-behanim\/","author":{"@type":"Person","@id":"https:\/\/www.protyna.cz\/author\/#Person","name":"","url":"https:\/\/www.protyna.cz\/author\/","identifier":1,"image":{"@type":"ImageObject","@id":"https:\/\/secure.gravatar.com\/avatar\/c4e504508c75b610a351629e223ddd0c5b7858df84b2b7deedc4e007bdf99fc8?s=96&d=mm&r=g","url":"https:\/\/secure.gravatar.com\/avatar\/c4e504508c75b610a351629e223ddd0c5b7858df84b2b7deedc4e007bdf99fc8?s=96&d=mm&r=g","height":96,"width":96}},"publisher":{"@type":"Organization","name":"protyna.cz","logo":{"@type":"ImageObject","@id":"\/logo.png","url":"\/logo.png","width":600,"height":60}},"image":{"@type":"ImageObject","@id":"https:\/\/www.protyna.cz\/wp-content\/uploads\/b%C4%9B%C5%BE%C3%ADc%C3%AD%20%C5%BEena_9.jpg","url":"https:\/\/www.protyna.cz\/wp-content\/uploads\/b%C4%9B%C5%BE%C3%ADc%C3%AD%20%C5%BEena_9.jpg","height":0,"width":0},"wordCount":596,"keywords":null},{"@type":"Article","@id":"https:\/\/www.protyna.cz\/kdy-je-vhodne-koupit-led-stropni-svitidlo\/","headline":"Kdy je vhodn\u00e9 koupit LED stropn\u00ed sv\u00edtidlo","url":"https:\/\/www.protyna.cz\/kdy-je-vhodne-koupit-led-stropni-svitidlo\/","datePublished":"2021-06-16","dateModified":"2023-12-20","mainEntityOfPage":"https:\/\/www.protyna.cz\/kdy-je-vhodne-koupit-led-stropni-svitidlo\/","author":{"@type":"Person","@id":"https:\/\/www.protyna.cz\/author\/#Person","name":"","url":"https:\/\/www.protyna.cz\/author\/","identifier":1,"image":{"@type":"ImageObject","@id":"https:\/\/secure.gravatar.com\/avatar\/c4e504508c75b610a351629e223ddd0c5b7858df84b2b7deedc4e007bdf99fc8?s=96&d=mm&r=g","url":"https:\/\/secure.gravatar.com\/avatar\/c4e504508c75b610a351629e223ddd0c5b7858df84b2b7deedc4e007bdf99fc8?s=96&d=mm&r=g","height":96,"width":96}},"publisher":{"@type":"Organization","name":"protyna.cz","logo":{"@type":"ImageObject","@id":"\/logo.png","url":"\/logo.png","width":600,"height":60}},"image":{"@type":"ImageObject","@id":"https:\/\/www.protyna.cz\/wp-content\/uploads\/20966-cl441-aba123-ct0000(5)-1500x1500_7RGEFz.jpg","url":"https:\/\/www.protyna.cz\/wp-content\/uploads\/20966-cl441-aba123-ct0000(5)-1500x1500_7RGEFz.jpg","height":0,"width":0},"wordCount":656,"keywords":null},{"@type":"Article","@id":"https:\/\/www.protyna.cz\/trading-na-online-burze\/","headline":"Trading na online burze","url":"https:\/\/www.protyna.cz\/trading-na-online-burze\/","datePublished":"2021-05-21","dateModified":"2023-05-31","mainEntityOfPage":"https:\/\/www.protyna.cz\/trading-na-online-burze\/","author":{"@type":"Person","@id":"https:\/\/www.protyna.cz\/author\/#Person","name":"","url":"https:\/\/www.protyna.cz\/author\/","identifier":1,"image":{"@type":"ImageObject","@id":"https:\/\/secure.gravatar.com\/avatar\/c4e504508c75b610a351629e223ddd0c5b7858df84b2b7deedc4e007bdf99fc8?s=96&d=mm&r=g","url":"https:\/\/secure.gravatar.com\/avatar\/c4e504508c75b610a351629e223ddd0c5b7858df84b2b7deedc4e007bdf99fc8?s=96&d=mm&r=g","height":96,"width":96}},"publisher":{"@type":"Organization","name":"protyna.cz","logo":{"@type":"ImageObject","@id":"\/logo.png","url":"\/logo.png","width":600,"height":60}},"image":{"@type":"ImageObject","@id":"https:\/\/www.protyna.cz\/wp-content\/uploads\/10%20euro.jpg","url":"https:\/\/www.protyna.cz\/wp-content\/uploads\/10%20euro.jpg","height":0,"width":0},"wordCount":779,"keywords":null},{"@type":"Article","@id":"https:\/\/www.protyna.cz\/neni-nadobi-jako-nadobi\/","headline":"Nen\u00ed n\u00e1dob\u00ed jako n\u00e1dob\u00ed","url":"https:\/\/www.protyna.cz\/neni-nadobi-jako-nadobi\/","datePublished":"2021-05-19","dateModified":"2023-09-20","mainEntityOfPage":"https:\/\/www.protyna.cz\/neni-nadobi-jako-nadobi\/","author":{"@type":"Person","@id":"https:\/\/www.protyna.cz\/author\/#Person","name":"","url":"https:\/\/www.protyna.cz\/author\/","identifier":1,"image":{"@type":"ImageObject","@id":"https:\/\/secure.gravatar.com\/avatar\/c4e504508c75b610a351629e223ddd0c5b7858df84b2b7deedc4e007bdf99fc8?s=96&d=mm&r=g","url":"https:\/\/secure.gravatar.com\/avatar\/c4e504508c75b610a351629e223ddd0c5b7858df84b2b7deedc4e007bdf99fc8?s=96&d=mm&r=g","height":96,"width":96}},"publisher":{"@type":"Organization","name":"protyna.cz","logo":{"@type":"ImageObject","@id":"\/logo.png","url":"\/logo.png","width":600,"height":60}},"image":{"@type":"ImageObject","@id":"https:\/\/www.protyna.cz\/wp-content\/uploads\/171_stazeny-soubor_yzOuJ3.jpg","url":"https:\/\/www.protyna.cz\/wp-content\/uploads\/171_stazeny-soubor_yzOuJ3.jpg","height":0,"width":0},"wordCount":512,"keywords":null}]},{"@context":"https:\/\/schema.org","@type":"WebSite","@id":"https:\/\/www.protyna.cz\/#website","name":"Protyna","url":"https:\/\/www.protyna.cz","potentialAction":{"@type":"SearchAction","target":"https:\/\/www.protyna.cz\/?s={search_term_string}","query-input":"required name=search_term_string"}}]