[{"@context":"https:\/\/schema.org\/","@type":"Article","@id":"https:\/\/www.protyna.cz\/obleknete-vase-deti-v-second-handu\/#Article","mainEntityOfPage":"https:\/\/www.protyna.cz\/obleknete-vase-deti-v-second-handu\/","headline":"Obl\u00e9kn\u011bte va\u0161e d\u011bti v second handu","name":"Obl\u00e9kn\u011bte va\u0161e d\u011bti v second handu","description":"Oble\u010dte d\u011bti u n\u00e1s Poka\u017ed\u00e9 jste velice rozzloben\u00ed, kdy\u017e va\u0161e d\u011bti p\u0159ib\u011bhnou z venku s potrhan\u00fdmi kalhotami a \u0161pinav\u00fdm nov\u00fdm<p><a href=\"https:\/\/www.protyna.cz\/obleknete-vase-deti-v-second-handu\/\" class=\"more-link\">P\u0159e\u010d\u00edst...<span class=\"screen-reader-text\">Obl\u00e9kn\u011bte va\u0161e d\u011bti v second handu<\/span><\/a><\/p>","datePublished":"2024-11-13","dateModified":"2024-11-13","author":{"@type":"Person","@id":"https:\/\/www.protyna.cz\/author\/#Person","name":"","url":"https:\/\/www.protyna.cz\/author\/","identifier":1,"image":{"@type":"ImageObject","@id":"https:\/\/secure.gravatar.com\/avatar\/c4e504508c75b610a351629e223ddd0c5b7858df84b2b7deedc4e007bdf99fc8?s=96&d=mm&r=g","url":"https:\/\/secure.gravatar.com\/avatar\/c4e504508c75b610a351629e223ddd0c5b7858df84b2b7deedc4e007bdf99fc8?s=96&d=mm&r=g","height":96,"width":96}},"publisher":{"@type":"Organization","name":"protyna.cz","logo":{"@type":"ImageObject","@id":"\/logo.png","url":"\/logo.png","width":600,"height":60}},"url":"https:\/\/www.protyna.cz\/obleknete-vase-deti-v-second-handu\/","wordCount":222,"articleBody":"\tOble\u010dte d\u011bti u n\u00e1sPoka\u017ed\u00e9 jste velice rozzloben\u00ed, kdy\u017e va\u0161e d\u011bti p\u0159ib\u011bhnou z venku s potrhan\u00fdmi kalhotami a \u0161pinav\u00fdm nov\u00fdm tri\u010dkem? U\u017e je to tak, d\u011bti jsou neposedn\u00ed tvore\u010dkov\u00e9 a bohu\u017eel \u0161pin\u00ed a ni\u010d\u00ed oble\u010den\u00ed v\u00edce, ne\u017e kdo jin\u00fd. Pr\u00e1v\u011b z tohoto d\u016fvodu nem\u00e1 d\u016fvod kupovat d\u011btem drah\u00e9 oble\u010den\u00ed, proto\u017ee jej stejn\u011b zni\u010d\u00ed, a nebo z n\u011bj velice rychle vyrostou. N\u00e1\u0161 d\u011btsk\u00fd second hand tento probl\u00e9m hrav\u011b vy\u0159e\u0161\u00ed.\tM\u00e1me kr\u00e1sn\u00e9 kouskyD\u011btsk\u00fd second hand v\u00e1m mu\u017ee nab\u00eddnout opravdu spoustu oble\u010den\u00ed pro va\u0161e d\u011bti, nez\u00e1visle na jejich v\u011bku. Oble\u010den\u00ed je i tak kvalitn\u00ed a odoln\u00e9, tud\u00ed\u017e se nemus\u00edte b\u00e1t, \u017ee kupujete zaj\u00edce v pytli. N\u00e1kup od n\u00e1s je zkr\u00e1tka skv\u011blou volbou.\tB\u00e1je\u010dn\u00e9 cenyNa rozd\u00edl od klasick\u00fdch kamenn\u00fdch obchod\u016f nab\u00edz\u00edme na\u0161e oble\u010den\u00ed za opravdu v\u00fdjime\u010dn\u00e9 ceny, kter\u00e9 v\u00e1m zcela vyraz\u00ed dech. Neuv\u011b\u0159\u00edte, \u017ee oble\u010den\u00ed m\u016f\u017ee b\u00fdt takto levn\u00e9, a z\u00e1rove\u0148 velice kvalitn\u00ed, to v\u0161e a mnohem v\u00edce v\u00e1m nab\u00edz\u00ed n\u00e1\u0161 d\u011btsk\u00fd second hand.                                                                                                                                                                                                                                                                                                                                                                                         4.4\/5 - (5 votes)        "},{"@context":"https:\/\/schema.org\/","@type":"BreadcrumbList","itemListElement":[{"@type":"ListItem","position":1,"name":"Obl\u00e9kn\u011bte va\u0161e d\u011bti v second handu","item":"https:\/\/www.protyna.cz\/obleknete-vase-deti-v-second-handu\/#breadcrumbitem"}]}]