[{"@context":"https:\/\/schema.org\/","@type":"Article","@id":"https:\/\/www.protyna.cz\/oblecenie-aj-do-zleho-pocasia\/#Article","mainEntityOfPage":"https:\/\/www.protyna.cz\/oblecenie-aj-do-zleho-pocasia\/","headline":"Oble\u010denie aj do zl\u00e9ho po\u010dasia","name":"Oble\u010denie aj do zl\u00e9ho po\u010dasia","description":"Nie je ni\u010d hor\u0161ie ako zobudenie sa s vedom\u00edm, \u017ee niekam potrebujete \u00eds\u0165 a vonku akoby sa bili \u010derti. F\u00faka,<p><a href=\"https:\/\/www.protyna.cz\/oblecenie-aj-do-zleho-pocasia\/\" class=\"more-link\">P\u0159e\u010d\u00edst...<span class=\"screen-reader-text\">Oble\u010denie aj do zl\u00e9ho po\u010dasia<\/span><\/a><\/p>","datePublished":"2024-11-26","dateModified":"2024-11-26","author":{"@type":"Person","@id":"https:\/\/www.protyna.cz\/author\/#Person","name":"","url":"https:\/\/www.protyna.cz\/author\/","identifier":1,"image":{"@type":"ImageObject","@id":"https:\/\/secure.gravatar.com\/avatar\/c4e504508c75b610a351629e223ddd0c5b7858df84b2b7deedc4e007bdf99fc8?s=96&d=mm&r=g","url":"https:\/\/secure.gravatar.com\/avatar\/c4e504508c75b610a351629e223ddd0c5b7858df84b2b7deedc4e007bdf99fc8?s=96&d=mm&r=g","height":96,"width":96}},"publisher":{"@type":"Organization","name":"protyna.cz","logo":{"@type":"ImageObject","@id":"\/logo.png","url":"\/logo.png","width":600,"height":60}},"url":"https:\/\/www.protyna.cz\/oblecenie-aj-do-zleho-pocasia\/","wordCount":162,"articleBody":"Nie je ni\u010d hor\u0161ie ako zobudenie sa s vedom\u00edm, \u017ee niekam potrebujete \u00eds\u0165 a vonku akoby sa bili \u010derti. F\u00faka, pr\u0161\u00ed, bl\u00fdska sa a u\u017e teraz vid\u00edte, \u017ee ani s najv\u00e4\u010d\u0161\u00edm d\u00e1\u017ednikom v dome sa \u010faleko such\u00ed nedostanete? Do doslova z\u00fariv\u00e9ho po\u010dasia sa treba dobre obliec\u0165! A nielen pri turistike sa nakoniec bude hodi\u0165 nepremokav\u00e1 bunda odoln\u00e1 aj vo\u010di vetru a nejak\u00e9 tie termo pono\u017eky. D\u00e1te za to viac, ale o\u010dak\u00e1vate v\u00fdsledok. Craft v\u00e1s nem\u00f4\u017ee sklama\u0165! \u010cas sa trochu zababu\u0161i\u0165 Nem\u00f4\u017ee by\u0165 po cel\u00fd rok leto, sucho a teplo. V skuto\u010dnosti je skoro rovnako to\u013eko sychrav\u00fdch dn\u00ed, kde sa najviac hod\u00ed dobr\u00e9 outdoorov\u00e9 oble\u010denie. Ke\u010f na to pr\u00edde, zrazu nem\u00e1te \u010do nosi\u0165? So zna\u010dkou Craft teplo a \u0161t\u00fdlovo do ka\u017ed\u00e9ho po\u010dasia a aj \u0161portu v ka\u017edom po\u010das\u00ed!                                                                                                                                                                                                                                                                                                                                                                                        4\/5 - (1 vote)        "},{"@context":"https:\/\/schema.org\/","@type":"BreadcrumbList","itemListElement":[{"@type":"ListItem","position":1,"name":"Oble\u010denie aj do zl\u00e9ho po\u010dasia","item":"https:\/\/www.protyna.cz\/oblecenie-aj-do-zleho-pocasia\/#breadcrumbitem"}]}]