[{"@context":"https:\/\/schema.org\/","@type":"Article","@id":"https:\/\/www.protyna.cz\/nepropadejte-depresim\/#Article","mainEntityOfPage":"https:\/\/www.protyna.cz\/nepropadejte-depresim\/","headline":"Nepropadejte depres\u00edm","name":"Nepropadejte depres\u00edm","description":"\u0160patn\u00e1 n\u00e1lada a deprese nen\u00ed tot\u00e9\u017e. \u0160patnou n\u00e1ladou trp\u00ed n\u011bkdy ka\u017ed\u00fd. Ne v\u0161echny dny jsou zalit\u00e9 sluncem. N\u011bkdy se v\u0161e<p><a href=\"https:\/\/www.protyna.cz\/nepropadejte-depresim\/\" class=\"more-link\">P\u0159e\u010d\u00edst...<span class=\"screen-reader-text\">Nepropadejte depres\u00edm<\/span><\/a><\/p>","datePublished":"2022-02-25","dateModified":"2023-05-31","author":{"@type":"Person","@id":"https:\/\/www.protyna.cz\/author\/#Person","name":"","url":"https:\/\/www.protyna.cz\/author\/","identifier":1,"image":{"@type":"ImageObject","@id":"https:\/\/secure.gravatar.com\/avatar\/c4e504508c75b610a351629e223ddd0c5b7858df84b2b7deedc4e007bdf99fc8?s=96&d=mm&r=g","url":"https:\/\/secure.gravatar.com\/avatar\/c4e504508c75b610a351629e223ddd0c5b7858df84b2b7deedc4e007bdf99fc8?s=96&d=mm&r=g","height":96,"width":96}},"publisher":{"@type":"Organization","name":"protyna.cz","logo":{"@type":"ImageObject","@id":"\/logo.png","url":"\/logo.png","width":600,"height":60}},"image":{"@type":"ImageObject","@id":"https:\/\/www.protyna.cz\/wp-content\/uploads\/sunset-g6cff51737_640_1.jpg","url":"https:\/\/www.protyna.cz\/wp-content\/uploads\/sunset-g6cff51737_640_1.jpg","height":0,"width":0},"url":"https:\/\/www.protyna.cz\/nepropadejte-depresim\/","about":["Zdrav\u00ed"],"wordCount":428,"articleBody":"\u0160patn\u00e1 n\u00e1lada a deprese nen\u00ed tot\u00e9\u017e. \u0160patnou n\u00e1ladou trp\u00ed n\u011bkdy ka\u017ed\u00fd. Ne v\u0161echny dny jsou zalit\u00e9 sluncem. N\u011bkdy se v\u0161e neda\u0159\u00ed, tak jak by si \u010dlov\u011bk p\u0159edstavoval, a pr\u00e1v\u011b v takov\u00fdch chv\u00edl\u00edch v\u00e1s m\u016f\u017ee \u0161patn\u00e1 n\u00e1lada p\u0159epadnout. Nen\u00ed to nic z \u010deho byste si m\u011bli zoufat. Jin\u00e1 situace nast\u00e1v\u00e1, pokud se o depresi skute\u010dn\u011b jedn\u00e1. Depresi m\u016f\u017eete m\u00edt v r\u016fzn\u00e9 intenzit\u011b. Po lehkou a\u017e t\u011b\u017ekou.Pokud c\u00edt\u00edte, \u017ee v\u00e1m omezuje a zt\u011b\u017euje \u017eivot, nesty\u010fte se a nav\u0161tivte l\u00e9ka\u0159e. Toto du\u0161evn\u00ed onemocn\u011bn\u00ed nen\u00ed \u017e\u00e1dn\u00e9 stigma. Za sv\u016fj probl\u00e9m se nemus\u00edte styd\u011bt. Deprese se m\u016f\u017ee projevit hlubok\u00fdm smutkem, kter\u00fd nelze p\u0159ekonat \u017e\u00e1dnou pozitivn\u00ed my\u0161lenkou. Dostav\u00ed se bez p\u0159\u00ed\u010diny nebo po traumatick\u00e9m z\u00e1\u017eitku. Ne v\u017edy je mo\u017en\u00e9 ur\u010dit, jak\u00fd podn\u011bt onemocn\u011bn\u00ed spustil. Nemoc \u010dlov\u011bka dok\u00e1\u017ee paralyzovat a vy\u0159adit z b\u011b\u017en\u00fdch denn\u00edch \u010dinnost\u00ed. Nen\u00ed to lenost ani nedostatek pevn\u00e9 v\u016fle, jak by se mohlo n\u011bkomu zd\u00e1t. P\u0159\u00edznaky deprese ur\u010dit\u011b nep\u0159ehl\u00e9dnete. \u00danava, nespavost, \u00fazkostn\u00e9 my\u0161lenky, pla\u010dtivost i nechu\u0165 k j\u00eddlu m\u016f\u017ee b\u00fdt projevem depresivn\u00edch stav\u016f. Depresi sami nesp\u00ed\u0161 nep\u0159ekon\u00e1te.\u010clov\u011bk s t\u00edmto du\u0161evn\u00edm onemocn\u011bn\u00edm se pohybuje v bludn\u00e9m kruhu. Pokud se u v\u00e1s p\u0159\u00edznaky deprese projev\u00ed, nezdr\u00e1hejte se vyhledat pomoci. \u00da\u010dinn\u00e1 modern\u00ed antidepresiva, kter\u00e1 jsou v dne\u0161n\u00ed dob\u011b k dispozici v\u00e1m ulev\u00ed. P\u0159ev\u00e1\u017en\u00e1 v\u011bt\u0161ina t\u011bchto l\u00e9k\u016f nem\u00e1 v\u011bt\u0161\u00ed mno\u017estv\u00ed ne\u017e\u00e1douc\u00edch \u00fa\u010dink\u016f ne\u017e jin\u00e9 l\u00e9ky. Mus\u00edte po\u010d\u00edtat s t\u00edm, \u017ee pokud v\u00e1m l\u00e9ka\u0159 nasad\u00ed l\u00e9\u010dbu, \u00fa\u010dinky nepoc\u00edt\u00edte b\u011bhem n\u011bkolika dn\u00ed. \u00da\u010dinek l\u00e9\u010dby m\u016f\u017ee nastoupit v \u0159\u00e1du t\u0159\u00ed i v\u00edce t\u00fddn\u016f. Onemocn\u011bn\u00ed ne\u0159e\u0161te pr\u00e1\u0161ky na span\u00ed nebo na uklidn\u011bn\u00ed. P\u0159i dlouhodob\u011bj\u0161\u00edm u\u017e\u00edv\u00e1n\u00ed m\u016f\u017ee na tyto l\u00e9ky vzniknout z\u00e1vislost. P\u0159i velmi lehk\u00fdch depres\u00edch m\u016f\u017eou \u00falevu p\u0159in\u00e9st bylinkov\u00e9 \u010daje nebo bylinn\u00e9 tinktury. Nejv\u00edce se osv\u011bd\u010dily p\u0159\u00edpravky z chmele, kozl\u00edku l\u00e9ka\u0159sk\u00e9ho, medu\u0148ky nebo t\u0159ezalky. M\u016f\u017eete tak\u00e9 nav\u0161t\u011bvovat hodiny j\u00f3gy nebo jin\u00e1 medita\u010dn\u00ed cvi\u010den\u00ed.                                                                                                                                                                                                                                                                                                                                                                                        4.3\/5 - (9 votes)        "},{"@context":"https:\/\/schema.org\/","@type":"BreadcrumbList","itemListElement":[{"@type":"ListItem","position":1,"name":"Nepropadejte depres\u00edm","item":"https:\/\/www.protyna.cz\/nepropadejte-depresim\/#breadcrumbitem"}]}]