[{"@context":"https:\/\/schema.org\/","@type":"Article","@id":"https:\/\/www.protyna.cz\/neni-nadobi-jako-nadobi\/#Article","mainEntityOfPage":"https:\/\/www.protyna.cz\/neni-nadobi-jako-nadobi\/","headline":"Nen\u00ed n\u00e1dob\u00ed jako n\u00e1dob\u00ed","name":"Nen\u00ed n\u00e1dob\u00ed jako n\u00e1dob\u00ed","description":"My lid\u00e9 se obvykle pova\u017eujeme za civilizovan\u00e9 tvory. Co\u017e d\u00e1v\u00e1me najevo t\u00edm, \u017ee se leckdy chov\u00e1me kultivovan\u011bj\u0161\u00edm zp\u016fsobem ne\u017e tvorov\u00e9<p><a href=\"https:\/\/www.protyna.cz\/neni-nadobi-jako-nadobi\/\" class=\"more-link\">P\u0159e\u010d\u00edst...<span class=\"screen-reader-text\">Nen\u00ed n\u00e1dob\u00ed jako n\u00e1dob\u00ed<\/span><\/a><\/p>","datePublished":"2021-05-19","dateModified":"2023-09-20","author":{"@type":"Person","@id":"https:\/\/www.protyna.cz\/author\/#Person","name":"","url":"https:\/\/www.protyna.cz\/author\/","identifier":1,"image":{"@type":"ImageObject","@id":"https:\/\/secure.gravatar.com\/avatar\/c4e504508c75b610a351629e223ddd0c5b7858df84b2b7deedc4e007bdf99fc8?s=96&d=mm&r=g","url":"https:\/\/secure.gravatar.com\/avatar\/c4e504508c75b610a351629e223ddd0c5b7858df84b2b7deedc4e007bdf99fc8?s=96&d=mm&r=g","height":96,"width":96}},"publisher":{"@type":"Organization","name":"protyna.cz","logo":{"@type":"ImageObject","@id":"\/logo.png","url":"\/logo.png","width":600,"height":60}},"image":{"@type":"ImageObject","@id":"https:\/\/www.protyna.cz\/wp-content\/uploads\/171_stazeny-soubor_yzOuJ3.jpg","url":"https:\/\/www.protyna.cz\/wp-content\/uploads\/171_stazeny-soubor_yzOuJ3.jpg","height":0,"width":0},"url":"https:\/\/www.protyna.cz\/neni-nadobi-jako-nadobi\/","about":["V\u00fdrobky"],"wordCount":442,"articleBody":"      My lid\u00e9 se obvykle pova\u017eujeme za civilizovan\u00e9 tvory. Co\u017e d\u00e1v\u00e1me najevo t\u00edm, \u017ee se leckdy chov\u00e1me kultivovan\u011bj\u0161\u00edm zp\u016fsobem ne\u017e tvorov\u00e9 jin\u00ed. Projevuje se to t\u0159eba i na zp\u016fsobu stolov\u00e1n\u00ed, kter\u00fd je n\u00e1m vlastn\u00ed. Obvykle toti\u017e pou\u017e\u00edv\u00e1me p\u0159i j\u00eddle takov\u00e9 n\u00e1le\u017eitosti, jako jsou tal\u00ed\u0159e, p\u0159\u00edbory a dal\u0161\u00ed n\u00e1dob\u00ed. Kdy\u017e se pak rozhodujeme, kter\u00e9 n\u00e1dob\u00ed pou\u017e\u00edvat, m\u00e1me ur\u010dit\u011b na v\u00fdb\u011br. Proto\u017ee se pro r\u016fzn\u00e9 p\u0159\u00edle\u017eitosti hod\u00ed v\u00edce tu to a tu zase ono. Nap\u0159\u00edklad ke sv\u00e1te\u010dn\u00edmu ob\u011bdu doma nebo n\u011bkde v lep\u0161\u00ed restauraci pou\u017e\u00edv\u00e1me obvykle sklen\u011bnou, porcel\u00e1novou a kovovou klasiku, tedy kvalitn\u00ed n\u00e1dob\u00ed, zat\u00edmco p\u0159i v\u00fdletech, na nejr\u016fzn\u011bj\u0161\u00edch p\u00e1rty a podobn\u00fdch akc\u00edch p\u0159ich\u00e1zej\u00ed ke slovu sp\u00ed\u0161e jednor\u00e1zov\u00e9 p\u0159\u00edbory, tal\u00ed\u0159e a dal\u0161\u00ed n\u00e1dob\u00ed. Ka\u017ed\u00e1 z t\u011bchto mo\u017enost\u00ed m\u00e1 p\u0159ece sv\u00e9 v\u00fdhody a nev\u00fdhody, je\u017e p\u0159i v\u00fdb\u011bru v konkr\u00e9tn\u00ed situaci zohled\u0148ujeme.  Klasick\u00e9 n\u00e1dob\u00ed n\u00e1m nab\u00edz\u00ed p\u0159ece jenom vy\u0161\u0161\u00ed \u00farove\u0148 stolov\u00e1n\u00ed ne\u017e n\u011bco jednor\u00e1zov\u00e9ho, \u010d\u00edm\u017e si toto lidi z\u00edsk\u00e1v\u00e1, v\u00fdhodou n\u00e1dob\u00ed jednor\u00e1zov\u00e9ho je pak pro zm\u011bnu to, \u017ee se toto nemus\u00ed po pou\u017eit\u00ed um\u00fdvat, proto\u017ee je to v takov\u00e9 chv\u00edli p\u0159edur\u010deno k vyhozen\u00ed. Jen\u017ee to rozhodn\u011b neznamen\u00e1, \u017ee je ta druh\u00e1 mo\u017enost dokonal\u00e1 \u2013 proto\u017ee kv\u016fli n\u00ed vznik\u00e1 nemal\u00e9 mno\u017estv\u00ed odpadu, kter\u00fd se pod\u00edl\u00ed na zne\u010di\u0161\u0165ov\u00e1n\u00ed na\u0161eho sv\u011bta. A to nen\u00ed rozhodn\u011b \u017e\u00e1douc\u00ed.  A tak lidstvo objevilo i dal\u0161\u00ed \u0159e\u0161en\u00ed, je\u017e se jev\u00ed b\u00fdt nejednou ide\u00e1ln\u00edm. Jedl\u00e9 n\u00e1dob\u00ed n\u00e1m umo\u017e\u0148uje obej\u00edt se bez nutnosti toto m\u00fdt, co\u017e nen\u00ed pro v\u011bt\u0161inu lid\u00ed popul\u00e1rn\u00ed \u010dinnost, a p\u0159itom tu na\u0161t\u011bst\u00ed ani nedoch\u00e1z\u00ed k ekologick\u00fdm \u0161kod\u00e1m. Lid\u00e9 se z tohoto n\u00e1dob\u00ed a s jeho vyu\u017eit\u00edm najed\u00ed, a kdy\u017e je pod\u00e1van\u00e1 potrava ta tam, prost\u011b se i ty jedl\u00e9 tal\u00ed\u0159e, jedl\u00e9 kel\u00edmky a dal\u0161\u00ed n\u00e1dob\u00ed zkonzumuj\u00ed t\u00e9\u017e. U tohoto n\u00e1dob\u00ed zkr\u00e1tka sn\u00edme naprosto v\u0161echno. Doslova. A t\u00edm se zasluhujeme mimo jin\u00e9 i o to, \u017ee po p\u00e1rty, piknic\u00edch a podobn\u00fdch akc\u00edch nikde nenech\u00e1me \u010dern\u00e9 skl\u00e1dky ani t\u00edm zbyte\u010dn\u011b nezapln\u00edme kontejnery.                                                                                                                                                                                                                                                                                                                                                                                          4.6\/5 - (9 votes)        "},{"@context":"https:\/\/schema.org\/","@type":"BreadcrumbList","itemListElement":[{"@type":"ListItem","position":1,"name":"Nen\u00ed n\u00e1dob\u00ed jako n\u00e1dob\u00ed","item":"https:\/\/www.protyna.cz\/neni-nadobi-jako-nadobi\/#breadcrumbitem"}]}]