{"@context":"https:\/\/schema.org\/","@type":"CollectionPage","@id":"https:\/\/www.protyna.cz\/krasa\/#CollectionPage","headline":"Kr\u00e1sa Category","description":"","url":"https:\/\/www.protyna.cz\/krasa\/","hasPart":[{"@type":"Article","@id":"https:\/\/www.protyna.cz\/nase-leky\/","headline":"Na\u0161e l\u00e9ky","url":"https:\/\/www.protyna.cz\/nase-leky\/","datePublished":"2023-06-30","dateModified":"2024-05-29","mainEntityOfPage":"https:\/\/www.protyna.cz\/nase-leky\/","author":{"@type":"Person","@id":"https:\/\/www.protyna.cz\/author\/#Person","name":"","url":"https:\/\/www.protyna.cz\/author\/","identifier":1,"image":{"@type":"ImageObject","@id":"https:\/\/secure.gravatar.com\/avatar\/c4e504508c75b610a351629e223ddd0c5b7858df84b2b7deedc4e007bdf99fc8?s=96&d=mm&r=g","url":"https:\/\/secure.gravatar.com\/avatar\/c4e504508c75b610a351629e223ddd0c5b7858df84b2b7deedc4e007bdf99fc8?s=96&d=mm&r=g","height":96,"width":96}},"publisher":{"@type":"Organization","name":"protyna.cz","logo":{"@type":"ImageObject","@id":"\/logo.png","url":"\/logo.png","width":600,"height":60}},"image":{"@type":"ImageObject","@id":"https:\/\/www.protyna.cz\/wp-content\/uploads\/medicines-1915621_1280_2.jpg","url":"https:\/\/www.protyna.cz\/wp-content\/uploads\/medicines-1915621_1280_2.jpg","height":0,"width":0},"keywords":null},{"@type":"Article","@id":"https:\/\/www.protyna.cz\/interierove-zabradli-z-nerezove-oceli\/","headline":"Interi\u00e9rov\u00e9 z\u00e1bradl\u00ed z nerezov\u00e9 oceli","url":"https:\/\/www.protyna.cz\/interierove-zabradli-z-nerezove-oceli\/","datePublished":"2022-05-14","dateModified":"2023-05-31","mainEntityOfPage":"https:\/\/www.protyna.cz\/interierove-zabradli-z-nerezove-oceli\/","author":{"@type":"Person","@id":"https:\/\/www.protyna.cz\/author\/#Person","name":"","url":"https:\/\/www.protyna.cz\/author\/","identifier":1,"image":{"@type":"ImageObject","@id":"https:\/\/secure.gravatar.com\/avatar\/c4e504508c75b610a351629e223ddd0c5b7858df84b2b7deedc4e007bdf99fc8?s=96&d=mm&r=g","url":"https:\/\/secure.gravatar.com\/avatar\/c4e504508c75b610a351629e223ddd0c5b7858df84b2b7deedc4e007bdf99fc8?s=96&d=mm&r=g","height":96,"width":96}},"publisher":{"@type":"Organization","name":"protyna.cz","logo":{"@type":"ImageObject","@id":"\/logo.png","url":"\/logo.png","width":600,"height":60}},"image":{"@type":"ImageObject","@id":"https:\/\/www.protyna.cz\/wp-content\/uploads\/stair-hand-hold-1336437_640_6.jpg","url":"https:\/\/www.protyna.cz\/wp-content\/uploads\/stair-hand-hold-1336437_640_6.jpg","height":0,"width":0},"keywords":null},{"@type":"Article","@id":"https:\/\/www.protyna.cz\/samet-neboli-velvet\/","headline":"Samet neboli Velvet","url":"https:\/\/www.protyna.cz\/samet-neboli-velvet\/","datePublished":"2021-08-11","dateModified":"2021-08-11","mainEntityOfPage":"https:\/\/www.protyna.cz\/samet-neboli-velvet\/","author":{"@type":"Person","@id":"https:\/\/www.protyna.cz\/author\/#Person","name":"","url":"https:\/\/www.protyna.cz\/author\/","identifier":1,"image":{"@type":"ImageObject","@id":"https:\/\/secure.gravatar.com\/avatar\/c4e504508c75b610a351629e223ddd0c5b7858df84b2b7deedc4e007bdf99fc8?s=96&d=mm&r=g","url":"https:\/\/secure.gravatar.com\/avatar\/c4e504508c75b610a351629e223ddd0c5b7858df84b2b7deedc4e007bdf99fc8?s=96&d=mm&r=g","height":96,"width":96}},"publisher":{"@type":"Organization","name":"protyna.cz","logo":{"@type":"ImageObject","@id":"\/logo.png","url":"\/logo.png","width":600,"height":60}},"image":{"@type":"ImageObject","@id":"https:\/\/www.protyna.cz\/wp-content\/uploads\/rud%C3%BD%20samet.jpg","url":"https:\/\/www.protyna.cz\/wp-content\/uploads\/rud%C3%BD%20samet.jpg","height":0,"width":0},"keywords":null},{"@type":"Article","@id":"https:\/\/www.protyna.cz\/plnospektralni-osvetleni\/","headline":"Plnospektr\u00e1ln\u00ed osv\u011btlen\u00ed","url":"https:\/\/www.protyna.cz\/plnospektralni-osvetleni\/","datePublished":"2020-07-14","dateModified":"2023-09-15","mainEntityOfPage":"https:\/\/www.protyna.cz\/plnospektralni-osvetleni\/","author":{"@type":"Person","@id":"https:\/\/www.protyna.cz\/author\/#Person","name":"","url":"https:\/\/www.protyna.cz\/author\/","identifier":1,"image":{"@type":"ImageObject","@id":"https:\/\/secure.gravatar.com\/avatar\/c4e504508c75b610a351629e223ddd0c5b7858df84b2b7deedc4e007bdf99fc8?s=96&d=mm&r=g","url":"https:\/\/secure.gravatar.com\/avatar\/c4e504508c75b610a351629e223ddd0c5b7858df84b2b7deedc4e007bdf99fc8?s=96&d=mm&r=g","height":96,"width":96}},"publisher":{"@type":"Organization","name":"protyna.cz","logo":{"@type":"ImageObject","@id":"\/logo.png","url":"\/logo.png","width":600,"height":60}},"image":{"@type":"ImageObject","@id":"https:\/\/www.protyna.cz\/wp-content\/uploads\/led%20osv%C4%9Btlen%C3%AD_4.png","url":"https:\/\/www.protyna.cz\/wp-content\/uploads\/led%20osv%C4%9Btlen%C3%AD_4.png","height":0,"width":0},"keywords":null},{"@type":"Article","@id":"https:\/\/www.protyna.cz\/sekcni-garazova-vrata-cenik\/","headline":"Sek\u010dn\u00ed gar\u00e1\u017eov\u00e1 vrata cen\u00edk","url":"https:\/\/www.protyna.cz\/sekcni-garazova-vrata-cenik\/","datePublished":"2020-03-17","dateModified":"2023-05-31","mainEntityOfPage":"https:\/\/www.protyna.cz\/sekcni-garazova-vrata-cenik\/","author":{"@type":"Person","@id":"https:\/\/www.protyna.cz\/author\/#Person","name":"","url":"https:\/\/www.protyna.cz\/author\/","identifier":1,"image":{"@type":"ImageObject","@id":"https:\/\/secure.gravatar.com\/avatar\/c4e504508c75b610a351629e223ddd0c5b7858df84b2b7deedc4e007bdf99fc8?s=96&d=mm&r=g","url":"https:\/\/secure.gravatar.com\/avatar\/c4e504508c75b610a351629e223ddd0c5b7858df84b2b7deedc4e007bdf99fc8?s=96&d=mm&r=g","height":96,"width":96}},"publisher":{"@type":"Organization","name":"protyna.cz","logo":{"@type":"ImageObject","@id":"\/logo.png","url":"\/logo.png","width":600,"height":60}},"image":{"@type":"ImageObject","@id":"https:\/\/www.protyna.cz\/wp-content\/uploads\/b%C3%ADl%C3%A1%20gar%C3%A1%C5%BEov%C3%A1%20vrata.png","url":"https:\/\/www.protyna.cz\/wp-content\/uploads\/b%C3%ADl%C3%A1%20gar%C3%A1%C5%BEov%C3%A1%20vrata.png","height":0,"width":0},"keywords":null},{"@type":"Article","@id":"https:\/\/www.protyna.cz\/postel-s-patrem-chteji-vsechny-deti\/","headline":"Postel s patrem cht\u011bj\u00ed v\u0161echny d\u011bti","url":"https:\/\/www.protyna.cz\/postel-s-patrem-chteji-vsechny-deti\/","datePublished":"2020-01-16","dateModified":"2024-02-13","mainEntityOfPage":"https:\/\/www.protyna.cz\/postel-s-patrem-chteji-vsechny-deti\/","author":{"@type":"Person","@id":"https:\/\/www.protyna.cz\/author\/#Person","name":"","url":"https:\/\/www.protyna.cz\/author\/","identifier":1,"image":{"@type":"ImageObject","@id":"https:\/\/secure.gravatar.com\/avatar\/c4e504508c75b610a351629e223ddd0c5b7858df84b2b7deedc4e007bdf99fc8?s=96&d=mm&r=g","url":"https:\/\/secure.gravatar.com\/avatar\/c4e504508c75b610a351629e223ddd0c5b7858df84b2b7deedc4e007bdf99fc8?s=96&d=mm&r=g","height":96,"width":96}},"publisher":{"@type":"Organization","name":"protyna.cz","logo":{"@type":"ImageObject","@id":"\/logo.png","url":"\/logo.png","width":600,"height":60}},"image":{"@type":"ImageObject","@id":"https:\/\/www.protyna.cz\/wp-content\/uploads\/img_a350246_w1693_t1565092134.png","url":"https:\/\/www.protyna.cz\/wp-content\/uploads\/img_a350246_w1693_t1565092134.png","height":0,"width":0},"keywords":null},{"@type":"Article","@id":"https:\/\/www.protyna.cz\/zvolte-si-to-nejlepsi-do-kazdeho-pocasi\/","headline":"Zvolte si to nejlep\u0161\u00ed do ka\u017ed\u00e9ho po\u010das\u00ed","url":"https:\/\/www.protyna.cz\/zvolte-si-to-nejlepsi-do-kazdeho-pocasi\/","datePublished":"2019-08-05","dateModified":"2023-05-31","mainEntityOfPage":"https:\/\/www.protyna.cz\/zvolte-si-to-nejlepsi-do-kazdeho-pocasi\/","author":{"@type":"Person","@id":"https:\/\/www.protyna.cz\/author\/#Person","name":"","url":"https:\/\/www.protyna.cz\/author\/","identifier":1,"image":{"@type":"ImageObject","@id":"https:\/\/secure.gravatar.com\/avatar\/c4e504508c75b610a351629e223ddd0c5b7858df84b2b7deedc4e007bdf99fc8?s=96&d=mm&r=g","url":"https:\/\/secure.gravatar.com\/avatar\/c4e504508c75b610a351629e223ddd0c5b7858df84b2b7deedc4e007bdf99fc8?s=96&d=mm&r=g","height":96,"width":96}},"publisher":{"@type":"Organization","name":"protyna.cz","logo":{"@type":"ImageObject","@id":"\/logo.png","url":"\/logo.png","width":600,"height":60}},"image":{"@type":"ImageObject","@id":"https:\/\/www.protyna.cz\/wp-content\/uploads\/img_a363828_w1936_t1576520764.jpg","url":"https:\/\/www.protyna.cz\/wp-content\/uploads\/img_a363828_w1936_t1576520764.jpg","height":0,"width":0},"keywords":null},{"@type":"Article","@id":"https:\/\/www.protyna.cz\/kliceni-fazoli-adzuki-je-jeden-ze-zpusobu-jak-je-pripravit-ke-konzumaci\/","headline":"Kl\u00ed\u010den\u00ed fazol\u00ed adzuki je jeden ze zp\u016fsob\u016f, jak je p\u0159ipravit ke konzumaci","url":"https:\/\/www.protyna.cz\/kliceni-fazoli-adzuki-je-jeden-ze-zpusobu-jak-je-pripravit-ke-konzumaci\/","datePublished":"2019-07-27","dateModified":"2023-05-31","mainEntityOfPage":"https:\/\/www.protyna.cz\/kliceni-fazoli-adzuki-je-jeden-ze-zpusobu-jak-je-pripravit-ke-konzumaci\/","author":{"@type":"Person","@id":"https:\/\/www.protyna.cz\/author\/#Person","name":"","url":"https:\/\/www.protyna.cz\/author\/","identifier":1,"image":{"@type":"ImageObject","@id":"https:\/\/secure.gravatar.com\/avatar\/c4e504508c75b610a351629e223ddd0c5b7858df84b2b7deedc4e007bdf99fc8?s=96&d=mm&r=g","url":"https:\/\/secure.gravatar.com\/avatar\/c4e504508c75b610a351629e223ddd0c5b7858df84b2b7deedc4e007bdf99fc8?s=96&d=mm&r=g","height":96,"width":96}},"publisher":{"@type":"Organization","name":"protyna.cz","logo":{"@type":"ImageObject","@id":"\/logo.png","url":"\/logo.png","width":600,"height":60}},"image":{"@type":"ImageObject","@id":"https:\/\/www.protyna.cz\/wp-content\/uploads\/img_a364664_w2024_t1577566707.jpg","url":"https:\/\/www.protyna.cz\/wp-content\/uploads\/img_a364664_w2024_t1577566707.jpg","height":0,"width":0},"keywords":null},{"@type":"Article","@id":"https:\/\/www.protyna.cz\/jak-od-sebe-rozeznat-westernove-a-anglicke-uzdeni\/","headline":"Jak od sebe rozeznat westernov\u00e9 a anglick\u00e9 uzd\u011bn\u00ed","url":"https:\/\/www.protyna.cz\/jak-od-sebe-rozeznat-westernove-a-anglicke-uzdeni\/","datePublished":"2019-07-11","dateModified":"2023-05-31","mainEntityOfPage":"https:\/\/www.protyna.cz\/jak-od-sebe-rozeznat-westernove-a-anglicke-uzdeni\/","author":{"@type":"Person","@id":"https:\/\/www.protyna.cz\/author\/#Person","name":"","url":"https:\/\/www.protyna.cz\/author\/","identifier":1,"image":{"@type":"ImageObject","@id":"https:\/\/secure.gravatar.com\/avatar\/c4e504508c75b610a351629e223ddd0c5b7858df84b2b7deedc4e007bdf99fc8?s=96&d=mm&r=g","url":"https:\/\/secure.gravatar.com\/avatar\/c4e504508c75b610a351629e223ddd0c5b7858df84b2b7deedc4e007bdf99fc8?s=96&d=mm&r=g","height":96,"width":96}},"publisher":{"@type":"Organization","name":"protyna.cz","logo":{"@type":"ImageObject","@id":"\/logo.png","url":"\/logo.png","width":600,"height":60}},"image":{"@type":"ImageObject","@id":"https:\/\/www.protyna.cz\/wp-content\/uploads\/img_a355729_w1735_t1570177636.jpg","url":"https:\/\/www.protyna.cz\/wp-content\/uploads\/img_a355729_w1735_t1570177636.jpg","height":0,"width":0},"keywords":null},{"@type":"Article","@id":"https:\/\/www.protyna.cz\/doprejte-si-svobodu-a-nezavislost-s-taznym-zarizenim-octavia-2\/","headline":"Dop\u0159ejte si svobodu a nez\u00e1vislost s ta\u017en\u00fdm za\u0159\u00edzen\u00edm octavia 2","url":"https:\/\/www.protyna.cz\/doprejte-si-svobodu-a-nezavislost-s-taznym-zarizenim-octavia-2\/","datePublished":"2018-12-02","dateModified":"2024-05-25","mainEntityOfPage":"https:\/\/www.protyna.cz\/doprejte-si-svobodu-a-nezavislost-s-taznym-zarizenim-octavia-2\/","author":{"@type":"Person","@id":"https:\/\/www.protyna.cz\/author\/#Person","name":"","url":"https:\/\/www.protyna.cz\/author\/","identifier":1,"image":{"@type":"ImageObject","@id":"https:\/\/secure.gravatar.com\/avatar\/c4e504508c75b610a351629e223ddd0c5b7858df84b2b7deedc4e007bdf99fc8?s=96&d=mm&r=g","url":"https:\/\/secure.gravatar.com\/avatar\/c4e504508c75b610a351629e223ddd0c5b7858df84b2b7deedc4e007bdf99fc8?s=96&d=mm&r=g","height":96,"width":96}},"publisher":{"@type":"Organization","name":"protyna.cz","logo":{"@type":"ImageObject","@id":"\/logo.png","url":"\/logo.png","width":600,"height":60}},"image":{"@type":"ImageObject","@id":"https:\/\/www.protyna.cz\/wp-content\/uploads\/img_a332669_w1735_t1545579279.jpg","url":"https:\/\/www.protyna.cz\/wp-content\/uploads\/img_a332669_w1735_t1545579279.jpg","height":0,"width":0},"keywords":null}]}