[{"@context":"https:\/\/schema.org\/","@type":"Article","@id":"https:\/\/www.protyna.cz\/kdyz-elegance-tak-jedine-drevene-dvere-z-vlasimi\/#Article","mainEntityOfPage":"https:\/\/www.protyna.cz\/kdyz-elegance-tak-jedine-drevene-dvere-z-vlasimi\/","headline":"Kdy\u017e elegance, tak jedin\u011b d\u0159ev\u011bn\u00e9 dve\u0159e z Vla\u0161imi","name":"Kdy\u017e elegance, tak jedin\u011b d\u0159ev\u011bn\u00e9 dve\u0159e z Vla\u0161imi","description":"P\u0159edstavujete si \u00fatulnou dom\u00e1cnost, kter\u00e1 nem\u00e1 ani jednu chybu? Teplo domova a soukrom\u00ed, kter\u00e9 ji\u017e tak dlouho hled\u00e1te? Zav\u0159ete za<p><a href=\"https:\/\/www.protyna.cz\/kdyz-elegance-tak-jedine-drevene-dvere-z-vlasimi\/\" class=\"more-link\">P\u0159e\u010d\u00edst...<span class=\"screen-reader-text\">Kdy\u017e elegance, tak jedin\u011b d\u0159ev\u011bn\u00e9 dve\u0159e z Vla\u0161imi<\/span><\/a><\/p>","datePublished":"2023-10-27","dateModified":"2023-10-27","author":{"@type":"Person","@id":"https:\/\/www.protyna.cz\/author\/#Person","name":"","url":"https:\/\/www.protyna.cz\/author\/","identifier":1,"image":{"@type":"ImageObject","@id":"https:\/\/secure.gravatar.com\/avatar\/c4e504508c75b610a351629e223ddd0c5b7858df84b2b7deedc4e007bdf99fc8?s=96&d=mm&r=g","url":"https:\/\/secure.gravatar.com\/avatar\/c4e504508c75b610a351629e223ddd0c5b7858df84b2b7deedc4e007bdf99fc8?s=96&d=mm&r=g","height":96,"width":96}},"publisher":{"@type":"Organization","name":"protyna.cz","logo":{"@type":"ImageObject","@id":"\/logo.png","url":"\/logo.png","width":600,"height":60}},"url":"https:\/\/www.protyna.cz\/kdyz-elegance-tak-jedine-drevene-dvere-z-vlasimi\/","wordCount":220,"articleBody":"P\u0159edstavujete si \u00fatulnou dom\u00e1cnost, kter\u00e1 nem\u00e1 ani jednu chybu? Teplo domova a soukrom\u00ed, kter\u00e9 ji\u017e tak dlouho hled\u00e1te? Zav\u0159ete za sebou zven\u010d\u00ed i uvnit\u0159 a vychutn\u00e1vejte si prost\u0159ed\u00ed, kter\u00e9 nejenom von\u00ed p\u0159\u00edrodou, ale doslova v\u00e1s p\u0159\u00edrodou a kvalitou obklopuje. U\u017e u t\u011bch vchodov\u00fdch si ka\u017ed\u00fd ud\u011bl\u00e1 \u00fasudek o tom, kdo za nimi bydl\u00ed. N\u011bkdo, kdo m\u00e1 vkus a smysl pro kvalitu a v\u00fdrobu, kter\u00e1 jde p\u0159\u00edmo ze srdce. Dop\u0159ejte va\u0161\u00ed dom\u00e1cnosti v\u0161echno, co je modern\u00ed, ale m\u00e1 sv\u00e9ho charismatick\u00e9ho ducha. Snadno se p\u0159izp\u016fsob\u00ed ji\u017e za\u0159\u00edzen\u00e9mu interi\u00e9ru a skloub\u00edte dohromady okna, podlahy i dal\u0161\u00ed prvky.Zaslou\u017e\u00ed si v\u00fdraznou pozornostVzhledem k tomu, \u017ee d\u0159ev\u011bn\u00e9 dve\u0159e Vla\u0161im jsou velice v\u00fdrazn\u00fdm prvkem za\u0159\u00edzen\u00ed ka\u017ed\u00e9ho bytu, domu, ale i firemn\u00edch prostor\u016f, je pot\u0159ebn\u00fd opravdu pe\u010dliv\u00fd v\u00fdb\u011br. V\u011bt\u0161inou si je vyb\u00edr\u00e1te ji\u017e na cel\u00fd \u017eivot. \u010cesk\u00fd v\u00fdrobek je z\u00e1rukou kvalitn\u00edch materi\u00e1l\u016f a precizn\u00edho proveden\u00ed. V\u00e1\u0161 byt bude p\u016fsobit velice \u010dist\u011b a \u00fatuln\u011b a m\u00edt toho spr\u00e1vn\u00e9ho ducha. Vchodov\u00e9 i interi\u00e9rov\u00e9, v\u0161echny maj\u00ed n\u011bco do sebe.                                                                                                                                                                                                                                                                                                                                                                                        4.3\/5 - (15 votes)        "},{"@context":"https:\/\/schema.org\/","@type":"BreadcrumbList","itemListElement":[{"@type":"ListItem","position":1,"name":"Kdy\u017e elegance, tak jedin\u011b d\u0159ev\u011bn\u00e9 dve\u0159e z Vla\u0161imi","item":"https:\/\/www.protyna.cz\/kdyz-elegance-tak-jedine-drevene-dvere-z-vlasimi\/#breadcrumbitem"}]}]