{"@context":"https:\/\/schema.org\/","@type":"CollectionPage","@id":"https:\/\/www.protyna.cz\/deti\/#CollectionPage","headline":"D\u011bti Category","description":"","url":"https:\/\/www.protyna.cz\/deti\/","hasPart":[{"@type":"Article","@id":"https:\/\/www.protyna.cz\/jak-vylepsit-detsky-pokojicek\/","headline":"Jak vylep\u0161it d\u011btsk\u00fd pokoj\u00ed\u010dek?","url":"https:\/\/www.protyna.cz\/jak-vylepsit-detsky-pokojicek\/","datePublished":"2023-02-07","dateModified":"2023-05-31","mainEntityOfPage":"https:\/\/www.protyna.cz\/jak-vylepsit-detsky-pokojicek\/","author":{"@type":"Person","@id":"https:\/\/www.protyna.cz\/author\/#Person","name":"","url":"https:\/\/www.protyna.cz\/author\/","identifier":1,"image":{"@type":"ImageObject","@id":"https:\/\/secure.gravatar.com\/avatar\/c4e504508c75b610a351629e223ddd0c5b7858df84b2b7deedc4e007bdf99fc8?s=96&d=mm&r=g","url":"https:\/\/secure.gravatar.com\/avatar\/c4e504508c75b610a351629e223ddd0c5b7858df84b2b7deedc4e007bdf99fc8?s=96&d=mm&r=g","height":96,"width":96}},"publisher":{"@type":"Organization","name":"protyna.cz","logo":{"@type":"ImageObject","@id":"\/logo.png","url":"\/logo.png","width":600,"height":60}},"image":{"@type":"ImageObject","@id":"https:\/\/www.protyna.cz\/wp-content\/uploads\/spa.JPG","url":"https:\/\/www.protyna.cz\/wp-content\/uploads\/spa.JPG","height":0,"width":0},"keywords":null},{"@type":"Article","@id":"https:\/\/www.protyna.cz\/jake-hracky-pro-deti-ted-nejvic-frci\/","headline":"Jak\u00e9 hra\u010dky pro d\u011bti te\u010f nejv\u00edc fr\u010d\u00ed?","url":"https:\/\/www.protyna.cz\/jake-hracky-pro-deti-ted-nejvic-frci\/","datePublished":"2022-03-17","dateModified":"2023-05-31","mainEntityOfPage":"https:\/\/www.protyna.cz\/jake-hracky-pro-deti-ted-nejvic-frci\/","author":{"@type":"Person","@id":"https:\/\/www.protyna.cz\/author\/#Person","name":"","url":"https:\/\/www.protyna.cz\/author\/","identifier":1,"image":{"@type":"ImageObject","@id":"https:\/\/secure.gravatar.com\/avatar\/c4e504508c75b610a351629e223ddd0c5b7858df84b2b7deedc4e007bdf99fc8?s=96&d=mm&r=g","url":"https:\/\/secure.gravatar.com\/avatar\/c4e504508c75b610a351629e223ddd0c5b7858df84b2b7deedc4e007bdf99fc8?s=96&d=mm&r=g","height":96,"width":96}},"publisher":{"@type":"Organization","name":"protyna.cz","logo":{"@type":"ImageObject","@id":"\/logo.png","url":"\/logo.png","width":600,"height":60}},"image":{"@type":"ImageObject","@id":"https:\/\/www.protyna.cz\/wp-content\/uploads\/beauty-gbb18ba83e_640.jpg","url":"https:\/\/www.protyna.cz\/wp-content\/uploads\/beauty-gbb18ba83e_640.jpg","height":0,"width":0},"keywords":null},{"@type":"Article","@id":"https:\/\/www.protyna.cz\/deti-jsou-nasim-potesenim\/","headline":"D\u011bti jsou na\u0161\u00edm pot\u011b\u0161en\u00edm","url":"https:\/\/www.protyna.cz\/deti-jsou-nasim-potesenim\/","datePublished":"2021-09-12","dateModified":"2023-05-31","mainEntityOfPage":"https:\/\/www.protyna.cz\/deti-jsou-nasim-potesenim\/","author":{"@type":"Person","@id":"https:\/\/www.protyna.cz\/author\/#Person","name":"","url":"https:\/\/www.protyna.cz\/author\/","identifier":1,"image":{"@type":"ImageObject","@id":"https:\/\/secure.gravatar.com\/avatar\/c4e504508c75b610a351629e223ddd0c5b7858df84b2b7deedc4e007bdf99fc8?s=96&d=mm&r=g","url":"https:\/\/secure.gravatar.com\/avatar\/c4e504508c75b610a351629e223ddd0c5b7858df84b2b7deedc4e007bdf99fc8?s=96&d=mm&r=g","height":96,"width":96}},"publisher":{"@type":"Organization","name":"protyna.cz","logo":{"@type":"ImageObject","@id":"\/logo.png","url":"\/logo.png","width":600,"height":60}},"image":{"@type":"ImageObject","@id":"https:\/\/www.protyna.cz\/wp-content\/uploads\/stroller-2665648_640.jpg","url":"https:\/\/www.protyna.cz\/wp-content\/uploads\/stroller-2665648_640.jpg","height":0,"width":0},"keywords":null},{"@type":"Article","@id":"https:\/\/www.protyna.cz\/plavani-nejmensich\/","headline":"Plav\u00e1n\u00ed nejmen\u0161\u00edch","url":"https:\/\/www.protyna.cz\/plavani-nejmensich\/","datePublished":"2020-01-23","dateModified":"2023-05-31","mainEntityOfPage":"https:\/\/www.protyna.cz\/plavani-nejmensich\/","author":{"@type":"Person","@id":"https:\/\/www.protyna.cz\/author\/#Person","name":"","url":"https:\/\/www.protyna.cz\/author\/","identifier":1,"image":{"@type":"ImageObject","@id":"https:\/\/secure.gravatar.com\/avatar\/c4e504508c75b610a351629e223ddd0c5b7858df84b2b7deedc4e007bdf99fc8?s=96&d=mm&r=g","url":"https:\/\/secure.gravatar.com\/avatar\/c4e504508c75b610a351629e223ddd0c5b7858df84b2b7deedc4e007bdf99fc8?s=96&d=mm&r=g","height":96,"width":96}},"publisher":{"@type":"Organization","name":"protyna.cz","logo":{"@type":"ImageObject","@id":"\/logo.png","url":"\/logo.png","width":600,"height":60}},"image":{"@type":"ImageObject","@id":"https:\/\/www.protyna.cz\/wp-content\/uploads\/img_a367288_w3316_t1579769094.jpg","url":"https:\/\/www.protyna.cz\/wp-content\/uploads\/img_a367288_w3316_t1579769094.jpg","height":0,"width":0},"keywords":null}]}