[{"@context":"https:\/\/schema.org\/","@type":"Article","@id":"https:\/\/www.protyna.cz\/co-a-kde-skladovat\/#Article","mainEntityOfPage":"https:\/\/www.protyna.cz\/co-a-kde-skladovat\/","headline":"Co a kde skladovat","name":"Co a kde skladovat","description":"Mysl\u00edm si, \u017ee skladovac\u00ed kontejnery se v dne\u0161n\u00ed dob\u011b opravdu hodn\u011b vyplat\u00ed. A to hlavn\u011b, pokud to m\u00e1te z webov\u00e9<p><a href=\"https:\/\/www.protyna.cz\/co-a-kde-skladovat\/\" class=\"more-link\">P\u0159e\u010d\u00edst...<span class=\"screen-reader-text\">Co a kde skladovat<\/span><\/a><\/p>","datePublished":"2022-12-27","dateModified":"2023-07-21","author":{"@type":"Person","@id":"https:\/\/www.protyna.cz\/author\/#Person","name":"","url":"https:\/\/www.protyna.cz\/author\/","identifier":1,"image":{"@type":"ImageObject","@id":"https:\/\/secure.gravatar.com\/avatar\/c4e504508c75b610a351629e223ddd0c5b7858df84b2b7deedc4e007bdf99fc8?s=96&d=mm&r=g","url":"https:\/\/secure.gravatar.com\/avatar\/c4e504508c75b610a351629e223ddd0c5b7858df84b2b7deedc4e007bdf99fc8?s=96&d=mm&r=g","height":96,"width":96}},"publisher":{"@type":"Organization","name":"protyna.cz","logo":{"@type":"ImageObject","@id":"\/logo.png","url":"\/logo.png","width":600,"height":60}},"image":{"@type":"ImageObject","@id":"https:\/\/www.protyna.cz\/wp-content\/uploads\/barrels-52934_960_720_2.jpg","url":"https:\/\/www.protyna.cz\/wp-content\/uploads\/barrels-52934_960_720_2.jpg","height":0,"width":0},"url":"https:\/\/www.protyna.cz\/co-a-kde-skladovat\/","about":["V\u00fdrobky"],"wordCount":412,"articleBody":"       Mysl\u00edm si, \u017ee skladovac\u00ed kontejnery se v dne\u0161n\u00ed dob\u011b opravdu hodn\u011b vyplat\u00ed. A to hlavn\u011b, pokud to m\u00e1te z webov\u00e9 str\u00e1nky schoellerallibert.com, kde najdete taky r\u016fzn\u00e9 novinky, a to v\u010detn\u011b obal\u016f a nebo skladovac\u00edch prostor \u010di skladovac\u00edch v\u011bc\u00ed, kter\u00e9 by se v\u00e1m t\u0159eba v budoucnu n\u011bkdy mohly hodit. Abych se j\u00e1 v\u00e1m p\u0159iznala, tak jsem si nikdy nemyslela, \u017ee jejich slu\u017eby n\u011bkdy budu pot\u0159ebovat. Jenom\u017ee se stala takov\u00e1 ud\u00e1lost v na\u0161\u00ed rodin\u011b, kdy m\u016fj p\u0159\u00edtel za\u010dal podnikat v jedn\u00e9 firm\u011b, kde m\u011bl taky d\u011blat spole\u010dn\u00edka. Byla jsem hodn\u011b p\u0159ekvapen\u00e1, kdy\u017e mi p\u0159\u00edtel \u0159ekl, \u017ee u\u017e by cht\u011bl kone\u010dn\u011b podnikat. A j\u00e1 jsem na n\u011bj byla docela py\u0161n\u00e1 a \u0159ekla jsem si, \u017ee kdy\u017e bude kone\u010dn\u011b podnikat, \u017ee se taky po\u0159\u00edd\u00edme n\u011bjak\u00e9 lep\u0161\u00ed auto a pojedeme taky na dovolenou. P\u0159\u00edtel podnikal ve skladu, tak\u017ee pot\u0159eboval taky samoz\u0159ejm\u011b n\u011bjak\u00e9 skladovac\u00ed kontejnery a dal\u0161\u00ed palety, kter\u00e9 nejlep\u0161\u00ed byli u Schoellerallibert. Mysl\u00edm si, \u017ee pr\u00e1v\u011b tato firma m\u00e1 opravdu nejlep\u0161\u00ed v\u00fdrobky a taky hlavn\u011b dbaj\u00ed na vysokou kvalitu. A j\u00e1, jako \u010dlov\u011bk, tak opravdu si d\u00e1v\u00e1m z\u00e1le\u017eet na tom, aby v\u0161echno bylo kvalitn\u00ed a v dobr\u00e9m stavu. Opravdu bych nesnesla, kdyby mi n\u011bkdo prodal n\u011bjak\u00fd \u0161mejd anebo n\u011bco nekvalitn\u00edho, co by vydr\u017eelo opravdu jenom chvilku a potom by s t\u00edm ne\u0161lo nic d\u011blat. Pokud tedy i vy sh\u00e1n\u00edte n\u011bjakou kvalitu a chcete kvalitn\u00ed v\u00fdrobky, tak na webov\u00e9 str\u00e1nce, kterou jsem zm\u00ednila, nakoup\u00edte opravdu kvalitn\u00ed v\u00fdrobky, kter\u00e9 se v\u00e1m budou hodit. Mnoho lid\u00ed pot\u0159ebuje r\u016fzn\u00e9 skladovac\u00ed prostory nebo skoro kontejnery, kter\u00e9 jsou kvalitn\u00ed. Jsou toti\u017e i takov\u00e9 rodiny, kter\u00e9 si t\u0159eba taky skladovac\u00ed kontejnetry https:\/\/www.schoellerallibert.com\/cz\/novinky\/skladovac-kontejnery po\u0159\u00edd\u00ed, kam si d\u00e1vaj\u00ed r\u016fzn\u00e9 v\u011bci, kter\u00e9 jsou t\u0159eba sez\u00f3nn\u00ed anebo si tak ukl\u00e1daj\u00ed takov\u00e9 v\u011bci, kter\u00e9 moment\u00e1ln\u011b nepot\u0159ebuj\u00ed a je jich \u0161koda vyhodit. Kdyby j\u00e1 n\u011bkdy byla v pozici, jestli bych sv\u00e9 milovan\u00e9 v\u011bci m\u011bla vyhodit nebo je n\u011bkam uschovat, tak bych je rad\u011bji uschovala ve skladovac\u00edch kontejnerech, kde by byly samoz\u0159ejm\u011b v bezpe\u010d\u00ed.                                                                                                                                                                                                                                                                                                                                                                                           4.3\/5 - (9 votes)        "},{"@context":"https:\/\/schema.org\/","@type":"BreadcrumbList","itemListElement":[{"@type":"ListItem","position":1,"name":"Co a kde skladovat","item":"https:\/\/www.protyna.cz\/co-a-kde-skladovat\/#breadcrumbitem"}]}]